{"id":9633,"date":"2017-01-28T21:42:30","date_gmt":"2017-01-28T20:42:30","guid":{"rendered":"http:\/\/santpedor.net\/radio\/?p=9633"},"modified":"2017-01-28T21:46:16","modified_gmt":"2017-01-28T20:46:16","slug":"gabriel-rufian-tindrem-millors-pressupostos-autonomics-tenir-millors-pressupostos-republicans","status":"publish","type":"post","link":"https:\/\/santpedor.net\/radio\/gabriel-rufian-tindrem-millors-pressupostos-autonomics-tenir-millors-pressupostos-republicans\/","title":{"rendered":"Gabriel Rufi\u00e1n: &#8220;Tindrem els millors pressupostos auton\u00f2mics per tenir els millors pressupostos republicans&#8221;"},"content":{"rendered":"<p>El diputat al Congr\u00e9s dels Diputats per Esquerra Republicana de Catalunya, Gabriel Rufi\u00e1n, ha deixat petit l&#8217;Auditori Convent de Sant Francesc en la xerrada &#8216;La Rep\u00fablica que farem&#8217; que ha fet aquest migdia a Santpedor. M\u00e9s de 200 persones han escoltat atentament una exposici\u00f3 en format entrevista, en qu\u00e8 l&#8217;alcalde Xavier Codina ha exercit de conductor a trav\u00e9s d&#8217;un seguit de preguntes que han passat per l&#8217;\u00e0mbit personal, l&#8217;esfera pol\u00edtica i tamb\u00e9 l&#8217;actualitat m\u00e9s immediata. I \u00e9s que era inevitable preguntar al portaveu republic\u00e0 per la recent dimissi\u00f3 del seu company al senat, el jutge Santi Vidal, despr\u00e9s de les declaracions que va fer parlant d&#8217;obtenci\u00f3 il\u00b7legal de dades tribut\u00e0ries dels catalans. Rufi\u00e1n ha remarcat que no s&#8217;est\u00e0 fent res il\u00b7legal i que Vidal, que \u00e9s una persona &#8220;amb una v\u00e0lua inq\u00fcestionable&#8221;, ja ha fet un gest -dimitir- noble per no perjudicar el proc\u00e9s sobiranista.<\/p>\n<p>Un altre tema de rabiosa actualitat, han sigut els pressupostos, que tot just pocs minuts abans de la xerrada s&#8217;ha fet p\u00fablic que s&#8217;aprovarien amb els vots de la CUP despr\u00e9s que les assembles cupaires aix\u00ed ho decidissin aquest mateix mat\u00ed en Consell Pol\u00edtic. Gabriel, que durant la xerrada ha fet p\u00fablic un cop m\u00e9s la seva gran simpatia per la CUP, no ha pogut amagar, en un apart amb R\u00e0dio Santpedor despr\u00e9s del seu acte, l&#8217;alegria per la llum verda als comptes del govern de la Generalitat, que ha qualificat com &#8220;els millors comptes auton\u00f2mics per fer els millors comptes republicans&#8221;:<\/p>\n<audio class=\"wp-audio-shortcode\" id=\"audio-9633-1\" preload=\"none\" style=\"width: 100%;\" controls=\"controls\"><source type=\"audio\/mpeg\" src=\"http:\/\/santpedor.net\/radio\/wp-content\/uploads\/2017\/01\/T-Gabriel-Rufi\u00e1n-fer-el-refer\u00e8ndum-i-guanyar-lo.mp3?_=1\" \/><a href=\"http:\/\/santpedor.net\/radio\/wp-content\/uploads\/2017\/01\/T-Gabriel-Rufi\u00e1n-fer-el-refer\u00e8ndum-i-guanyar-lo.mp3\">http:\/\/santpedor.net\/radio\/wp-content\/uploads\/2017\/01\/T-Gabriel-Rufi\u00e1n-fer-el-refer\u00e8ndum-i-guanyar-lo.mp3<\/a><\/audio>\n<p>Rufi\u00e1n, tamb\u00e9 ha volgut destacar la import\u00e0ncia del m\u00f3n local en el proc\u00e9s sobiranista, al seu parer, &#8220;tant o m\u00e9s important que l&#8217;alta pol\u00edtica&#8221;.<\/p>\n<audio class=\"wp-audio-shortcode\" id=\"audio-9633-2\" preload=\"none\" style=\"width: 100%;\" controls=\"controls\"><source type=\"audio\/mpeg\" src=\"http:\/\/santpedor.net\/radio\/wp-content\/uploads\/2017\/01\/T-Gabriel-Rufi\u00e1n-pol\u00edtica-municiapl.mp3?_=2\" \/><a href=\"http:\/\/santpedor.net\/radio\/wp-content\/uploads\/2017\/01\/T-Gabriel-Rufi\u00e1n-pol\u00edtica-municiapl.mp3\">http:\/\/santpedor.net\/radio\/wp-content\/uploads\/2017\/01\/T-Gabriel-Rufi\u00e1n-pol\u00edtica-municiapl.mp3<\/a><\/audio>\n<p>Rufi\u00e1n ha mostrat al llarg de tot l&#8217;acte el seu tarann\u00e0 proper i tamb\u00e9 l&#8217;humor \u00e0cid que l&#8217;ha fet tant medi\u00e0tic, i que avui ha aixecat m\u00e9s d&#8217;una rialla i molts aplaudiments. Com quan a la pregunta d&#8217;un noi del p\u00fablic sobre com es percep a Espanya la possibilitat d&#8217;un refer\u00e8ndum pactat, Rufi\u00e1n a contestat el seg\u00fcent:<\/p>\n<audio class=\"wp-audio-shortcode\" id=\"audio-9633-3\" preload=\"none\" style=\"width: 100%;\" controls=\"controls\"><source type=\"audio\/mpeg\" src=\"http:\/\/onabages.cat\/wp-content\/uploads\/T-Gabriel-Rufi\u00e1n-3-risas.mp3?_=3\" \/><a href=\"http:\/\/onabages.cat\/wp-content\/uploads\/T-Gabriel-Rufi\u00e1n-3-risas.mp3\">http:\/\/onabages.cat\/wp-content\/uploads\/T-Gabriel-Rufi\u00e1n-3-risas.mp3<\/a><\/audio>\n<p>Rufi\u00e1n ha deixat altres frases contundents, com quan ha afirmat de forma categ\u00f2rica que &#8220;l&#8217;adversari del proc\u00e9s \u00e9s Podemos, la c\u00fapula de Podemos. Perqu\u00e8 no estan definits pel qu\u00e8 fa al proc\u00e9s&#8221;.<\/p>\n<p>El diputat d&#8217;Esquerra Republicana era la primera vegada que visitava Santpedor, despr\u00e9s de desenes de xerrades arreu del pa\u00eds. Unes confer\u00e8ncies que fa en el seu temps lliure i que l&#8217;han portat per molts pobles del pa\u00eds i de m\u00e9s enll\u00e0.<\/p>\n","protected":false},"excerpt":{"rendered":"<p>El diputat al Congr\u00e9s dels Diputats per Esquerra Republicana de Catalunya, Gabriel Rufi\u00e1n, ha deixat petit l&#8217;Auditori Convent de Sant Francesc en la xerrada &#8216;La Rep\u00fablica que farem&#8217; que ha fet aquest migdia a Santpedor. M\u00e9s de 200 persones han escoltat atentament una exposici\u00f3 en format entrevista, en qu\u00e8 l&#8217;alcalde Xavier Codina ha exercit de [&hellip;]<\/p>\n","protected":false},"author":6,"featured_media":9634,"comment_status":"open","ping_status":"closed","sticky":false,"template":"","format":"standard","meta":{"footnotes":""},"categories":[3,136],"tags":[728,184,292,21,480,295,114,113],"class_list":{"0":"post-9633","1":"post","2":"type-post","3":"status-publish","4":"format-standard","5":"has-post-thumbnail","7":"category-noticies","8":"category-politica-i-economia","9":"tag-adutori-convent-de-sant-francesc","10":"tag-catalunya","11":"tag-congres-dels-diputats","13":"tag-espanya","14":"tag-gabriel-rufian","15":"tag-independencia","16":"tag-santpedor"},"_links":{"self":[{"href":"https:\/\/santpedor.net\/radio\/wp-json\/wp\/v2\/posts\/9633","targetHints":{"allow":["GET"]}}],"collection":[{"href":"https:\/\/santpedor.net\/radio\/wp-json\/wp\/v2\/posts"}],"about":[{"href":"https:\/\/santpedor.net\/radio\/wp-json\/wp\/v2\/types\/post"}],"author":[{"embeddable":true,"href":"https:\/\/santpedor.net\/radio\/wp-json\/wp\/v2\/users\/6"}],"replies":[{"embeddable":true,"href":"https:\/\/santpedor.net\/radio\/wp-json\/wp\/v2\/comments?post=9633"}],"version-history":[{"count":0,"href":"https:\/\/santpedor.net\/radio\/wp-json\/wp\/v2\/posts\/9633\/revisions"}],"wp:featuredmedia":[{"embeddable":true,"href":"https:\/\/santpedor.net\/radio\/wp-json\/wp\/v2\/media\/9634"}],"wp:attachment":[{"href":"https:\/\/santpedor.net\/radio\/wp-json\/wp\/v2\/media?parent=9633"}],"wp:term":[{"taxonomy":"category","embeddable":true,"href":"https:\/\/santpedor.net\/radio\/wp-json\/wp\/v2\/categories?post=9633"},{"taxonomy":"post_tag","embeddable":true,"href":"https:\/\/santpedor.net\/radio\/wp-json\/wp\/v2\/tags?post=9633"}],"curies":[{"name":"wp","href":"https:\/\/api.w.org\/{rel}","templated":true}]}}