{"id":9639,"date":"2017-01-29T21:27:12","date_gmt":"2017-01-29T20:27:12","guid":{"rendered":"http:\/\/santpedor.net\/radio\/?p=9639"},"modified":"2017-01-29T21:27:12","modified_gmt":"2017-01-29T20:27:12","slug":"detalls-quatre-opcions-dels-pressupostos-participatius","status":"publish","type":"post","link":"https:\/\/santpedor.net\/radio\/detalls-quatre-opcions-dels-pressupostos-participatius\/","title":{"rendered":"Detalls de les quatre opcions dels pressupostos participatius"},"content":{"rendered":"<p>En les properes setmanes comen\u00e7arem a tenir m\u00e9s informaci\u00f3 sobre les quatre propostes que l\u2019Ajuntament posa a votaci\u00f3 en la primera experi\u00e8ncia de pressupostos participatius que es fa a Santpedor. La regidora d\u2019Hisenda, Judit Raja (ERC), va passar pel primer Pla\u00e7a Gran de l\u2019any per avan\u00e7ar-nos alguns detalls del proc\u00e9s de votaci\u00f3 i dels quatre projectes. D\u2019entrada, no hi haur\u00e0 un llist\u00f3 m\u00ednim de participaci\u00f3 per donar per bona la consulta. I nom\u00e9s tirar\u00e0 endavant una de les propostes, les altres quedaran descartades. La inversi\u00f3 guanyadora s&#8217;anunciar\u00e0 per Festa Major, per\u00f2 encara no se sap com es podr\u00e0 votar ni quan.<\/p>\n<p>Recordem que els quatre opcions elaborades pel govern municipal a partir d&#8217;idees que han recollit de la ciutadania s\u00f3n 1) redactar un projecte per reformar la font de les escales (a la foto, en una foto hist\u00f2rica), 2) crear una zona d\u2019aparcament d\u2019autocaravanes, 3) un espai de socialitzaci\u00f3 de gossos o b\u00e9 4) instal\u00b7lar un punt interactiu d\u2019informaci\u00f3. Cadascuna de les propostes costen 20.000 euros, que representa un 0\u20192% del total del pressupost de l\u2019Ajuntament. Les regidores de l\u2019oposici\u00f3 Roser Llobera (CiU) i Fina Rodr\u00edguez (Progr\u00e9s Municipal) celebren que s\u2019obri un proc\u00e9s d\u2019aquesta mena, tot i que lamenten que no hagi estat m\u00e9s obert a l\u2019hora de dissenyar les quatre propostes, i que no sigui m\u00e9s clar qu\u00e8 implica cadascuna de les opcions. Podeu escoltar m\u00e9s informaci\u00f3 sobre les propostes en el \u00a0programa, com ara que l&#8217;opci\u00f3 1 nom\u00e9s inclou la redacci\u00f3 del projecte per destapar les escales, per\u00f2 no l&#8217;obra; o que l&#8217;opci\u00f3 4 permetria instal\u00b7lar dos punts interactius d&#8217;informaci\u00f3 tur\u00edstica del poble.<\/p>\n<p>En vam parlar al Pla\u00e7a Gran, on tamb\u00e9 vam analitzar els pressupostos de l\u2019Ajuntament pel 2017, que preveuen inversions a la Nau, cal Clarass\u00f3 i el Paller, i que amplien el personal, a banda de reduir el deute municipal.<\/p>\n<p>Escolta el programa sencer:<\/p>\n<p><iframe id='audio_16708221' frameborder='0' allowfullscreen='' scrolling='no' height='200' src='http:\/\/www.ivoox.com\/player_ej_16708221_4_1.html?c1=828282' style='border:1px solid #EEE; box-sizing:border-box; width:100%;'><\/iframe><\/p>\n","protected":false},"excerpt":{"rendered":"<p>En les properes setmanes comen\u00e7arem a tenir m\u00e9s informaci\u00f3 sobre les quatre propostes que l\u2019Ajuntament posa a votaci\u00f3 en la primera experi\u00e8ncia de pressupostos participatius que es fa a Santpedor. La regidora d\u2019Hisenda, Judit Raja (ERC), va passar pel primer Pla\u00e7a Gran de l\u2019any per avan\u00e7ar-nos alguns detalls del proc\u00e9s de votaci\u00f3 i dels quatre [&hellip;]<\/p>\n","protected":false},"author":4,"featured_media":9640,"comment_status":"open","ping_status":"closed","sticky":false,"template":"","format":"standard","meta":{"footnotes":""},"categories":[356,535],"tags":[7,396,39,113],"class_list":{"0":"post-9639","1":"post","2":"type-post","3":"status-publish","4":"format-standard","5":"has-post-thumbnail","7":"category-placa-gran","8":"category-programes","9":"tag-ajuntament","10":"tag-pressupostos-participatius","11":"tag-radio-santpedor","12":"tag-santpedor"},"_links":{"self":[{"href":"https:\/\/santpedor.net\/radio\/wp-json\/wp\/v2\/posts\/9639","targetHints":{"allow":["GET"]}}],"collection":[{"href":"https:\/\/santpedor.net\/radio\/wp-json\/wp\/v2\/posts"}],"about":[{"href":"https:\/\/santpedor.net\/radio\/wp-json\/wp\/v2\/types\/post"}],"author":[{"embeddable":true,"href":"https:\/\/santpedor.net\/radio\/wp-json\/wp\/v2\/users\/4"}],"replies":[{"embeddable":true,"href":"https:\/\/santpedor.net\/radio\/wp-json\/wp\/v2\/comments?post=9639"}],"version-history":[{"count":0,"href":"https:\/\/santpedor.net\/radio\/wp-json\/wp\/v2\/posts\/9639\/revisions"}],"wp:featuredmedia":[{"embeddable":true,"href":"https:\/\/santpedor.net\/radio\/wp-json\/wp\/v2\/media\/9640"}],"wp:attachment":[{"href":"https:\/\/santpedor.net\/radio\/wp-json\/wp\/v2\/media?parent=9639"}],"wp:term":[{"taxonomy":"category","embeddable":true,"href":"https:\/\/santpedor.net\/radio\/wp-json\/wp\/v2\/categories?post=9639"},{"taxonomy":"post_tag","embeddable":true,"href":"https:\/\/santpedor.net\/radio\/wp-json\/wp\/v2\/tags?post=9639"}],"curies":[{"name":"wp","href":"https:\/\/api.w.org\/{rel}","templated":true}]}}