{"id":9645,"date":"2017-01-30T13:39:00","date_gmt":"2017-01-30T12:39:00","guid":{"rendered":"http:\/\/santpedor.net\/radio\/?p=9645"},"modified":"2017-01-30T13:39:00","modified_gmt":"2017-01-30T12:39:00","slug":"lescola-musica-santpedor-tanca-primera-setmana-daudicions-lany","status":"publish","type":"post","link":"https:\/\/santpedor.net\/radio\/lescola-musica-santpedor-tanca-primera-setmana-daudicions-lany\/","title":{"rendered":"L&#8217;Escola de M\u00fasica de Santpedor tanca la primera setmana d&#8217;audicions de l&#8217;any"},"content":{"rendered":"<p>L\u2019Escola Municipal de M\u00fasica de Santpedor va fer la setmana passada la primera una s\u00e8rie d&#8217;audicions amb els m\u00e9s de 200 alumnes que hi practiquen algun instrument o fan cant. \u00c9s la primera setmana d&#8217;audicions de la temporada, la segona i \u00faltima ser\u00e0 a finals de curs. Uns m\u00fasics, des dels m\u00e9s petits que fan iniciaci\u00f3 amb 6 anys fins als adults que porten anys estudiant m\u00fasica, que tenen aix\u00ed la oportunitat de mostrar en p\u00fablic la feina que han fet els mesos anteriors i tot el qu\u00e8 han apr\u00e8s.<\/p>\n<p>No et perdis el v\u00eddeo-reportatge sobre les audicions que ha preparat Joan Griera.<\/p>\n<p><iframe loading=\"lazy\" src=\"https:\/\/www.youtube.com\/embed\/LDt4ngwO7JA?list=PLZ9gKKWEWV_dMT4c2cZkC-x21c557yIuh\" width=\"560\" height=\"315\" frameborder=\"0\" allowfullscreen=\"allowfullscreen\"><\/iframe><\/p>\n","protected":false},"excerpt":{"rendered":"<p>L\u2019Escola Municipal de M\u00fasica de Santpedor va fer la setmana passada la primera una s\u00e8rie d&#8217;audicions amb els m\u00e9s de 200 alumnes que hi practiquen algun instrument o fan cant. \u00c9s la primera setmana d&#8217;audicions de la temporada, la segona i \u00faltima ser\u00e0 a finals de curs. Uns m\u00fasics, des dels m\u00e9s petits que fan [&hellip;]<\/p>\n","protected":false},"author":6,"featured_media":9646,"comment_status":"open","ping_status":"closed","sticky":false,"template":"","format":"standard","meta":{"footnotes":""},"categories":[236,3],"tags":[],"class_list":{"0":"post-9645","1":"post","2":"type-post","3":"status-publish","4":"format-standard","5":"has-post-thumbnail","7":"category-entitats-i-cultura","8":"category-noticies"},"_links":{"self":[{"href":"https:\/\/santpedor.net\/radio\/wp-json\/wp\/v2\/posts\/9645","targetHints":{"allow":["GET"]}}],"collection":[{"href":"https:\/\/santpedor.net\/radio\/wp-json\/wp\/v2\/posts"}],"about":[{"href":"https:\/\/santpedor.net\/radio\/wp-json\/wp\/v2\/types\/post"}],"author":[{"embeddable":true,"href":"https:\/\/santpedor.net\/radio\/wp-json\/wp\/v2\/users\/6"}],"replies":[{"embeddable":true,"href":"https:\/\/santpedor.net\/radio\/wp-json\/wp\/v2\/comments?post=9645"}],"version-history":[{"count":0,"href":"https:\/\/santpedor.net\/radio\/wp-json\/wp\/v2\/posts\/9645\/revisions"}],"wp:featuredmedia":[{"embeddable":true,"href":"https:\/\/santpedor.net\/radio\/wp-json\/wp\/v2\/media\/9646"}],"wp:attachment":[{"href":"https:\/\/santpedor.net\/radio\/wp-json\/wp\/v2\/media?parent=9645"}],"wp:term":[{"taxonomy":"category","embeddable":true,"href":"https:\/\/santpedor.net\/radio\/wp-json\/wp\/v2\/categories?post=9645"},{"taxonomy":"post_tag","embeddable":true,"href":"https:\/\/santpedor.net\/radio\/wp-json\/wp\/v2\/tags?post=9645"}],"curies":[{"name":"wp","href":"https:\/\/api.w.org\/{rel}","templated":true}]}}