{"id":9648,"date":"2017-02-02T11:23:40","date_gmt":"2017-02-02T10:23:40","guid":{"rendered":"http:\/\/santpedor.net\/radio\/?p=9648"},"modified":"2017-02-03T11:33:29","modified_gmt":"2017-02-03T10:33:29","slug":"santpedor-somplira-carruatges-cavalls-pels-tres-tombs-sant-antoni","status":"publish","type":"post","link":"https:\/\/santpedor.net\/radio\/santpedor-somplira-carruatges-cavalls-pels-tres-tombs-sant-antoni\/","title":{"rendered":"Santpedor s&#8217;omplir\u00e0 de carruatges i cavalls pels &#8216;Tres Tombs&#8217; de Sant Antoni"},"content":{"rendered":"<p>REDACCI\u00d3 | Els carruatges, els cavalls i altres animals de c\u00e0rrega ompliran els carrers del barri Antic de Santpedor aquest proper diumenge dia 5 de febrer en la Festa dels Tres Tombs. Prop d\u2019un centenar d\u2019animals hi participaran amb m\u00e9s de 30 carruatges, la majoria de les cases hist\u00f2riques de Santpedor\u00a0 i una cinquantena de genets, en un acte organitzat per Equiset Santpedor amb la col\u00b7laboraci\u00f3 de l\u2019Escola Municipal de M\u00fasica, els Grallers i l\u2019Ajuntament de Santpedor.<\/p>\n<p>ATENCI\u00d3 AL MAPA DEL RECORREGUT QUE OFEREIX LA POLICIA LOCAL AMB LES ZONES QUE QUEDARAN TANCADES AL TR\u00c0NSIT<\/p>\n<figure id=\"attachment_9658\" aria-describedby=\"caption-attachment-9658\" style=\"width: 1024px\" class=\"wp-caption alignnone\"><img loading=\"lazy\" decoding=\"async\" class=\"size-full wp-image-9658\" src=\"http:\/\/santpedor.net\/radio\/wp-content\/uploads\/2017\/02\/mapa-tres-tombs-sant-antoni-PNG.jpg\" alt=\"mapa tres tombs sant antoni PNG\" width=\"1024\" height=\"717\" srcset=\"https:\/\/santpedor.net\/radio\/wp-content\/uploads\/2017\/02\/mapa-tres-tombs-sant-antoni-PNG.jpg 1024w, https:\/\/santpedor.net\/radio\/wp-content\/uploads\/2017\/02\/mapa-tres-tombs-sant-antoni-PNG-300x210.jpg 300w, https:\/\/santpedor.net\/radio\/wp-content\/uploads\/2017\/02\/mapa-tres-tombs-sant-antoni-PNG-768x538.jpg 768w, https:\/\/santpedor.net\/radio\/wp-content\/uploads\/2017\/02\/mapa-tres-tombs-sant-antoni-PNG-100x70.jpg 100w, https:\/\/santpedor.net\/radio\/wp-content\/uploads\/2017\/02\/mapa-tres-tombs-sant-antoni-PNG-696x487.jpg 696w, https:\/\/santpedor.net\/radio\/wp-content\/uploads\/2017\/02\/mapa-tres-tombs-sant-antoni-PNG-600x420.jpg 600w\" sizes=\"auto, (max-width: 1024px) 100vw, 1024px\" \/><figcaption id=\"caption-attachment-9658\" class=\"wp-caption-text\">mapa tres tombs sant antoni PNG<\/figcaption><\/figure>\n<p>La concentraci\u00f3 d\u2019animals i carruatges es far\u00e0 a les 11 a Cal LLovet tot i que els actes comencen a les 9 del mat\u00ed amb l\u2019esmorzar popular tamb\u00e9 a Cal Llovet. La cercavila ser\u00e0 al migdia amb la rua sortint de Cal Llovet en direcci\u00f3 al carrer Roger de Flor en sentit Pla\u00e7a de la Pau, moment qu\u00e8 es gira al carrer Consells dels trenta fins arribar al carrer Jacint Verdaguer, la rua s\u2019incorpora al carrer Pons Grau, en sentit pla Sant Jordi per agafar el carrer de la Fira, s\u2019accedeix al nucli antic a trav\u00e9s del carrer Santa Anna, carrer Ample, Antoni Vila, Timbaler, del Vall, Pla\u00e7a Esgl\u00e9sia, carrer Passeig, carrer Muralla de Manresa i es torna a fer el circuit al pel carrer del Vall, pla Esgl\u00e9sia, carrer Ample i carrer Muralla de Manresa. Aquest circuit es repeteix un total de tres vegades per finalitzar a Cal Llovet. En acabar la missa de 12 es far\u00e0 la benedicci\u00f3 d\u2019animals a la pla\u00e7a de l\u2019esgl\u00e9sia i el concert del grup d\u2019alumnes de l\u2019escola municipal de m\u00fasica.<\/p>\n<p>Entre els carruatges n\u2019hi haur\u00e0 un d\u2019autoritats per\u00f2 tamb\u00e9 un carro d\u2019escala, un de trabuc, de pag\u00e8s amb arnes, el de casament, tartanes, botes d\u2019aigua per ensufatar les vinyes, carros de traginers, entre molts altres exemples de carros i traginers.<\/p>\n<p>Els actes acabaran a la tarda amb un ball a Cal Llovet amb el grup Els Andreus Trio que servir\u00e0 per recaptar diners per a aquesta celebraci\u00f3.<\/p>\n<p><img loading=\"lazy\" decoding=\"async\" class=\"alignnone size-full wp-image-9650\" src=\"http:\/\/santpedor.net\/radio\/wp-content\/uploads\/2017\/02\/cartell-sant-antoni-2017.jpg\" alt=\"\" width=\"669\" height=\"960\" srcset=\"https:\/\/santpedor.net\/radio\/wp-content\/uploads\/2017\/02\/cartell-sant-antoni-2017.jpg 669w, https:\/\/santpedor.net\/radio\/wp-content\/uploads\/2017\/02\/cartell-sant-antoni-2017-209x300.jpg 209w, https:\/\/santpedor.net\/radio\/wp-content\/uploads\/2017\/02\/cartell-sant-antoni-2017-293x420.jpg 293w\" sizes=\"auto, (max-width: 669px) 100vw, 669px\" \/><\/p>\n","protected":false},"excerpt":{"rendered":"<p>REDACCI\u00d3 | Els carruatges, els cavalls i altres animals de c\u00e0rrega ompliran els carrers del barri Antic de Santpedor aquest proper diumenge dia 5 de febrer en la Festa dels Tres Tombs. Prop d\u2019un centenar d\u2019animals hi participaran amb m\u00e9s de 30 carruatges, la majoria de les cases hist\u00f2riques de Santpedor\u00a0 i una cinquantena de [&hellip;]<\/p>\n","protected":false},"author":2,"featured_media":9649,"comment_status":"open","ping_status":"closed","sticky":false,"template":"","format":"standard","meta":{"footnotes":""},"categories":[236,3],"tags":[729,346,113,347],"class_list":{"0":"post-9648","1":"post","2":"type-post","3":"status-publish","4":"format-standard","5":"has-post-thumbnail","7":"category-entitats-i-cultura","8":"category-noticies","9":"tag-cavalls","10":"tag-sant-antoni","11":"tag-santpedor","12":"tag-tres-tombs"},"_links":{"self":[{"href":"https:\/\/santpedor.net\/radio\/wp-json\/wp\/v2\/posts\/9648","targetHints":{"allow":["GET"]}}],"collection":[{"href":"https:\/\/santpedor.net\/radio\/wp-json\/wp\/v2\/posts"}],"about":[{"href":"https:\/\/santpedor.net\/radio\/wp-json\/wp\/v2\/types\/post"}],"author":[{"embeddable":true,"href":"https:\/\/santpedor.net\/radio\/wp-json\/wp\/v2\/users\/2"}],"replies":[{"embeddable":true,"href":"https:\/\/santpedor.net\/radio\/wp-json\/wp\/v2\/comments?post=9648"}],"version-history":[{"count":0,"href":"https:\/\/santpedor.net\/radio\/wp-json\/wp\/v2\/posts\/9648\/revisions"}],"wp:featuredmedia":[{"embeddable":true,"href":"https:\/\/santpedor.net\/radio\/wp-json\/wp\/v2\/media\/9649"}],"wp:attachment":[{"href":"https:\/\/santpedor.net\/radio\/wp-json\/wp\/v2\/media?parent=9648"}],"wp:term":[{"taxonomy":"category","embeddable":true,"href":"https:\/\/santpedor.net\/radio\/wp-json\/wp\/v2\/categories?post=9648"},{"taxonomy":"post_tag","embeddable":true,"href":"https:\/\/santpedor.net\/radio\/wp-json\/wp\/v2\/tags?post=9648"}],"curies":[{"name":"wp","href":"https:\/\/api.w.org\/{rel}","templated":true}]}}