{"id":9652,"date":"2017-02-02T11:56:49","date_gmt":"2017-02-02T10:56:49","guid":{"rendered":"http:\/\/santpedor.net\/radio\/?p=9652"},"modified":"2017-02-02T19:29:20","modified_gmt":"2017-02-02T18:29:20","slug":"detingudes-3-noies-robar-linstitut-dauro","status":"publish","type":"post","link":"https:\/\/santpedor.net\/radio\/detingudes-3-noies-robar-linstitut-dauro\/","title":{"rendered":"Detingudes 3 noies acusades de robar a l&#8217;Institut d&#8217;Auro"},"content":{"rendered":"<p>La Policia ja ha detingut a les tres presumptes autores del robatori a l&#8217;Institut d&#8217;Auro que va haver-hi dimarts al vespre. De fet, la detenci\u00f3 es va produir la mateixa nit dels fets. Segons han fet p\u00fablic fonts policials, tres noies de Santpedor d&#8217;entre 20 i 22 anys van entrar dimarts, entre les 20:30h i les 21:30h, a l&#8217;Institut d&#8217;Auro per la for\u00e7a, fent servir una pota de cabra. Les autores del robatori van emportar-se molts jocs de claus de les aules i del propi centre, aix\u00ed com una cafetera.<\/p>\n<p>A la mateixa hora que es produ\u00efen els fets, per\u00f2, hi havia una reuni\u00f3 de pares a l&#8217;institut, alguns dels quals van alertar la policia en saltar l&#8217;alarma i veure despr\u00e9s taques de sang -presumptament per lesi\u00f3 accidental d&#8217;alguna de les noies en trencar algun vidre-.<\/p>\n<p>Agents de la Policia Local de Santpedor van identificar tres sospitoses la mateixa nit, en una furgoneta blanca darrere l&#8217;institut, que van procedir a inspeccionar i on van trobar tot el material robat. Les tres noies van ser detingudes acusades de robatori amb for\u00e7a, i una d&#8217;elles acusada tamb\u00e9 d&#8217;atemptat a l&#8217;autoritat, per agredir una agent.<\/p>\n","protected":false},"excerpt":{"rendered":"<p>La Policia ja ha detingut a les tres presumptes autores del robatori a l&#8217;Institut d&#8217;Auro que va haver-hi dimarts al vespre. De fet, la detenci\u00f3 es va produir la mateixa nit dels fets. Segons han fet p\u00fablic fonts policials, tres noies de Santpedor d&#8217;entre 20 i 22 anys van entrar dimarts, entre les 20:30h i [&hellip;]<\/p>\n","protected":false},"author":6,"featured_media":3747,"comment_status":"open","ping_status":"closed","sticky":false,"template":"","format":"standard","meta":{"footnotes":""},"categories":[3,137],"tags":[218,416,730,113],"class_list":{"0":"post-9652","1":"post","2":"type-post","3":"status-publish","4":"format-standard","5":"has-post-thumbnail","7":"category-noticies","8":"category-societat","9":"tag-institut-dauro","10":"tag-policia-local","11":"tag-robatori","12":"tag-santpedor"},"_links":{"self":[{"href":"https:\/\/santpedor.net\/radio\/wp-json\/wp\/v2\/posts\/9652","targetHints":{"allow":["GET"]}}],"collection":[{"href":"https:\/\/santpedor.net\/radio\/wp-json\/wp\/v2\/posts"}],"about":[{"href":"https:\/\/santpedor.net\/radio\/wp-json\/wp\/v2\/types\/post"}],"author":[{"embeddable":true,"href":"https:\/\/santpedor.net\/radio\/wp-json\/wp\/v2\/users\/6"}],"replies":[{"embeddable":true,"href":"https:\/\/santpedor.net\/radio\/wp-json\/wp\/v2\/comments?post=9652"}],"version-history":[{"count":0,"href":"https:\/\/santpedor.net\/radio\/wp-json\/wp\/v2\/posts\/9652\/revisions"}],"wp:featuredmedia":[{"embeddable":true,"href":"https:\/\/santpedor.net\/radio\/wp-json\/wp\/v2\/media\/3747"}],"wp:attachment":[{"href":"https:\/\/santpedor.net\/radio\/wp-json\/wp\/v2\/media?parent=9652"}],"wp:term":[{"taxonomy":"category","embeddable":true,"href":"https:\/\/santpedor.net\/radio\/wp-json\/wp\/v2\/categories?post=9652"},{"taxonomy":"post_tag","embeddable":true,"href":"https:\/\/santpedor.net\/radio\/wp-json\/wp\/v2\/tags?post=9652"}],"curies":[{"name":"wp","href":"https:\/\/api.w.org\/{rel}","templated":true}]}}