{"id":9660,"date":"2017-02-03T13:45:51","date_gmt":"2017-02-03T12:45:51","guid":{"rendered":"http:\/\/santpedor.net\/radio\/?p=9660"},"modified":"2017-02-03T13:45:51","modified_gmt":"2017-02-03T12:45:51","slug":"latur-repunta-santpedor-gener","status":"publish","type":"post","link":"https:\/\/santpedor.net\/radio\/latur-repunta-santpedor-gener\/","title":{"rendered":"L&#8217;atur repunta a Santpedor al gener"},"content":{"rendered":"<p>Santpedor ha entrat al 2017 amb un lleugera pujada de l&#8217;atur. L&#8217;increment ha sigut del 3,6% respecte el mes de desembre, tot i que si ho comparem amb dades de fa un any, la davallada \u00e9s del 14&#8217;5%. A dia d&#8217;avui, hi ha 306 persones desocupades al poble.<\/p>\n<p>Amb l&#8217;arribada del nou any, a m\u00e9s, hem conegut noves dades d&#8217;atur registral\u00a0 (o tant per cent de persones inscrites com a demandants de feina respecte la poblaci\u00f3 activa estimada). Al tancament de l&#8217;any 2016, a Santpedor l&#8217;atur registral era del 8&#8217;75%, una xifra baixa que deixa el poble sis\u00e8 en la relaci\u00f3 de pobles de pobles del Bages amb menys atur. El que menys \u00e9s Rajadell amb un 5&#8217;75%, mentre que a l&#8217;altra extrem hi ha Mura, Marganell i Sant Vicen\u00e7 amb un 20%, un 19% i un 16,5% d&#8217;atur registral respectivament.<\/p>\n<p>Al Bages hi ha hagut un petit descens de l&#8217;1&#8217;2% i a Catalunya pr\u00e0cticament no hi ha hagut variacions en les dades de l&#8217;atur, tot i registrar un lleuger\u00edssim descens de 200 persones aturades.<\/p>\n<p>&nbsp;<\/p>\n","protected":false},"excerpt":{"rendered":"<p>Santpedor ha entrat al 2017 amb un lleugera pujada de l&#8217;atur. L&#8217;increment ha sigut del 3,6% respecte el mes de desembre, tot i que si ho comparem amb dades de fa un any, la davallada \u00e9s del 14&#8217;5%. A dia d&#8217;avui, hi ha 306 persones desocupades al poble. Amb l&#8217;arribada del nou any, a m\u00e9s, [&hellip;]<\/p>\n","protected":false},"author":6,"featured_media":4141,"comment_status":"open","ping_status":"closed","sticky":false,"template":"","format":"standard","meta":{"footnotes":""},"categories":[3,136],"tags":[45,17,184,465,650,731,113],"class_list":{"0":"post-9660","1":"post","2":"type-post","3":"status-publish","4":"format-standard","5":"has-post-thumbnail","7":"category-noticies","8":"category-politica-i-economia","9":"tag-atur","10":"tag-bages","11":"tag-catalunya","12":"tag-desocupacio","13":"tag-generalitat-de-catalunya","14":"tag-observatori-del-treball-i-el-model-productiu","15":"tag-santpedor"},"_links":{"self":[{"href":"https:\/\/santpedor.net\/radio\/wp-json\/wp\/v2\/posts\/9660","targetHints":{"allow":["GET"]}}],"collection":[{"href":"https:\/\/santpedor.net\/radio\/wp-json\/wp\/v2\/posts"}],"about":[{"href":"https:\/\/santpedor.net\/radio\/wp-json\/wp\/v2\/types\/post"}],"author":[{"embeddable":true,"href":"https:\/\/santpedor.net\/radio\/wp-json\/wp\/v2\/users\/6"}],"replies":[{"embeddable":true,"href":"https:\/\/santpedor.net\/radio\/wp-json\/wp\/v2\/comments?post=9660"}],"version-history":[{"count":0,"href":"https:\/\/santpedor.net\/radio\/wp-json\/wp\/v2\/posts\/9660\/revisions"}],"wp:featuredmedia":[{"embeddable":true,"href":"https:\/\/santpedor.net\/radio\/wp-json\/wp\/v2\/media\/4141"}],"wp:attachment":[{"href":"https:\/\/santpedor.net\/radio\/wp-json\/wp\/v2\/media?parent=9660"}],"wp:term":[{"taxonomy":"category","embeddable":true,"href":"https:\/\/santpedor.net\/radio\/wp-json\/wp\/v2\/categories?post=9660"},{"taxonomy":"post_tag","embeddable":true,"href":"https:\/\/santpedor.net\/radio\/wp-json\/wp\/v2\/tags?post=9660"}],"curies":[{"name":"wp","href":"https:\/\/api.w.org\/{rel}","templated":true}]}}