{"id":9662,"date":"2017-02-03T15:49:48","date_gmt":"2017-02-03T14:49:48","guid":{"rendered":"http:\/\/santpedor.net\/radio\/?p=9662"},"modified":"2017-02-03T15:49:48","modified_gmt":"2017-02-03T14:49:48","slug":"santpedor-augmenta-128-recollida-roba-usada-als-contenidors-fundacio-humana","status":"publish","type":"post","link":"https:\/\/santpedor.net\/radio\/santpedor-augmenta-128-recollida-roba-usada-als-contenidors-fundacio-humana\/","title":{"rendered":"Santpedor augmenta un 12,8% la recollida de roba usada als contenidors de Fundaci\u00f3 Humana"},"content":{"rendered":"<p>REDACCI\u00d3 | Santpedor ha dipositat un total de\u00a0 44.405 quilos de t\u00e8xtil usat als 12 contenidors que la Fundaci\u00f3 Humana t\u00e9 repartits al poble durant el 2016. Aquesta xifra representa un 12,8% m\u00e9s del que s\u2019havia recollit al\u00a0 2015 (39.366 quilos) i 10 tones m\u00e9s del que es va recollir al 2014 (34.216 quilos).<\/p>\n<p>Humana Fundaci\u00f3n Pueblo para Pueblo \u00e9s una organitzaci\u00f3 que des del 1987 promou la protecci\u00f3 del medi ambient mitjan\u00e7ant la reutilitzaci\u00f3 del t\u00e8xtil i du a terme programes de cooperaci\u00f3 a l\u2019\u00c0frica, Am\u00e8rica Llatina i l\u2019\u00c0sia, i tamb\u00e9 d\u2019ajuda local al territori m\u00e9s proper. A Santpedor hi t\u00e9 instal\u00b7lats 12 contenidors ubicats en llocs de f\u00e0cil acc\u00e9s, un m\u00e9s que un any enrere. Els ciutadans hi dipositen la roba, el cal\u00e7at, els complements i el t\u00e8xtil de la llar que ja no utilitzen i als quals se\u2019ls hi pot donar una segona vida. \u00c9s un servei gratu\u00eft i representa un estalvi important en les despeses de recollida i eliminaci\u00f3 de residus s\u00f2lids urbans.<\/p>\n<p><strong>Causes del creixement<\/strong><\/p>\n<p>M\u00e9s enll\u00e0 de l\u2019ampliaci\u00f3 en el n\u00famero de contenidors, en opini\u00f3 de Jose Arrancudiaga, responsable d\u2019Humana a Catalunya, les causes d\u2019aquest increment s\u00f3n: \u201cUna major consci\u00e8ncia mediambiental per part de la ciutadania aix\u00ed com un clar inter\u00e8s per promoure-hi un model d\u2019economia circular que perllongui la vida del t\u00e8xtil. A m\u00e9s, els ciutadans aposten per donar-li una segona vida a la seva roba usada gr\u00e0cies en bona part a l\u2019esfor\u00e7 que ajuntaments, empreses i entitats com la nostra fan per dotar-li d\u2019una finalitat social\u201d.\u00a0 Tamb\u00e9 la regidora d\u2019acci\u00f3 social, Laura Tarradellas, coincideix que \u201ca Santpedor hi ha una consci\u00e8ncia en el reciclatge. Ho demostra el bon funcionament de la recollida de residus, de les accions de col\u00b7laboraci\u00f3 i tamb\u00e9, com es veu en els resultats que ens facilita la Fundaci\u00f3 Humana, en la recollida del t\u00e8xtil usat\u201d.<\/p>\n<p>Humana celebra enguany el 30\u00e8 aniversari, tres d\u00e8cades treballant a favor de la protecci\u00f3 del medi ambient i la cooperaci\u00f3 al desenvolupament. La roba es pot considerar com la primera fracci\u00f3 que va inaugurar a Catalunya el model de recollida selectiva de residus. La Fundaci\u00f3 va ser pionera al pa\u00eds en la recollida i preparaci\u00f3 per a la reutilitzaci\u00f3 de roba usada: en els inicis s\u2019utilitzaven contenidors de fusta situats al carrer i actualment hi ha contenidors met\u00e0l\u00b7lics que garanteixen alts de nivells d\u2019usabilitat i seguretat. Des del 1987, la Fundaci\u00f3 ha aconseguit que es reutilitzin 28 milions de peces de roba a tot Espanya, distribu\u00efdes a trav\u00e9s de la xarxa de botigues de segona m\u00e0.<\/p>\n<p>Jerarquia de gesti\u00f3 de residus<\/p>\n<p>Les peces dipositades als contenidors d\u2019Humana s\u00f3n traslladades a la planta de classificaci\u00f3 de l&#8217;Ametlla del Vall\u00e8s (Vall\u00e8s Oriental), i tenen la seg\u00fcent destinaci\u00f3:<\/p>\n<ul>\n<li>El 48,58% es prepara per a la reutilitzaci\u00f3: el 13,58% es destina a les botigues &#8216;secondhand&#8217; i el 35% es tracta de roba i sabates de qualitat \u00c0frica que s\u2019hi exporten per a ser venuda a preus baixos a comerciants locals, per a satisfer la demanda d&#8217;aquests pa\u00efsos, impulsar-hi l\u2019activitat econ\u00f2mica local i generar-hi recursos per al desenvolupament.<\/li>\n<li>El 40,7% del t\u00e8xtil classificat es destina a reciclat.<\/li>\n<li>El 8,66%, a valoritzaci\u00f3 energ\u00e8tica.<\/li>\n<li>L\u20191,5% correspon a d\u2019altres productes (pl\u00e0stic, cartr\u00f3, RAEE) que es destinen a reciclat.<\/li>\n<\/ul>\n","protected":false},"excerpt":{"rendered":"<p>REDACCI\u00d3 | Santpedor ha dipositat un total de\u00a0 44.405 quilos de t\u00e8xtil usat als 12 contenidors que la Fundaci\u00f3 Humana t\u00e9 repartits al poble durant el 2016. Aquesta xifra representa un 12,8% m\u00e9s del que s\u2019havia recollit al\u00a0 2015 (39.366 quilos) i 10 tones m\u00e9s del que es va recollir al 2014 (34.216 quilos). Humana [&hellip;]<\/p>\n","protected":false},"author":2,"featured_media":9663,"comment_status":"open","ping_status":"closed","sticky":false,"template":"","format":"standard","meta":{"footnotes":""},"categories":[3,137],"tags":[732,733,113],"class_list":{"0":"post-9662","1":"post","2":"type-post","3":"status-publish","4":"format-standard","5":"has-post-thumbnail","7":"category-noticies","8":"category-societat","9":"tag-fundacio-humana","10":"tag-recollida-de-roba","11":"tag-santpedor"},"_links":{"self":[{"href":"https:\/\/santpedor.net\/radio\/wp-json\/wp\/v2\/posts\/9662","targetHints":{"allow":["GET"]}}],"collection":[{"href":"https:\/\/santpedor.net\/radio\/wp-json\/wp\/v2\/posts"}],"about":[{"href":"https:\/\/santpedor.net\/radio\/wp-json\/wp\/v2\/types\/post"}],"author":[{"embeddable":true,"href":"https:\/\/santpedor.net\/radio\/wp-json\/wp\/v2\/users\/2"}],"replies":[{"embeddable":true,"href":"https:\/\/santpedor.net\/radio\/wp-json\/wp\/v2\/comments?post=9662"}],"version-history":[{"count":0,"href":"https:\/\/santpedor.net\/radio\/wp-json\/wp\/v2\/posts\/9662\/revisions"}],"wp:featuredmedia":[{"embeddable":true,"href":"https:\/\/santpedor.net\/radio\/wp-json\/wp\/v2\/media\/9663"}],"wp:attachment":[{"href":"https:\/\/santpedor.net\/radio\/wp-json\/wp\/v2\/media?parent=9662"}],"wp:term":[{"taxonomy":"category","embeddable":true,"href":"https:\/\/santpedor.net\/radio\/wp-json\/wp\/v2\/categories?post=9662"},{"taxonomy":"post_tag","embeddable":true,"href":"https:\/\/santpedor.net\/radio\/wp-json\/wp\/v2\/tags?post=9662"}],"curies":[{"name":"wp","href":"https:\/\/api.w.org\/{rel}","templated":true}]}}