{"id":9671,"date":"2017-02-08T13:44:37","date_gmt":"2017-02-08T12:44:37","guid":{"rendered":"http:\/\/santpedor.net\/radio\/?p=9671"},"modified":"2017-02-08T13:45:57","modified_gmt":"2017-02-08T12:45:57","slug":"ampans-posa-marxa-aplicacio-mobil-connectar-voluntariat","status":"publish","type":"post","link":"https:\/\/santpedor.net\/radio\/ampans-posa-marxa-aplicacio-mobil-connectar-voluntariat\/","title":{"rendered":"AMPANS posa en marxa una aplicaci\u00f3 m\u00f2bil per connectar amb el voluntariat"},"content":{"rendered":"<p>REDACCI\u00d3 | La Fundaci\u00f3 AMPANS ha tret a la llum aquesta setmana l&#8217;aplicaci\u00f3 m\u00f2bil &#8216;Voluntariat AMPANS&#8217;, una eina de comunicaci\u00f3 i interacci\u00f3 entre les necessitats de l\u2019entitat i les persones que hi vulguin col\u00b7laborar. L\u2019objectiu d\u2019aquest nou sistema \u00e9s apropar el voluntariat a la societat i agilitzar la tasca de coordinaci\u00f3 aix\u00ed com augmentar el nombre de voluntaris i donar suport en l\u2019atenci\u00f3 als usuaris de l\u2019entitat.<\/p>\n<p>Disponible per Android i Iphone, l\u2019aplicaci\u00f3 permet publicar les noves crides de voluntariat i que les persones interessades en col\u00b7laborar s\u2019apuntin a les activitats de manera immediata. L\u2019App, creada per l\u2019empresa Aplick i de desc\u00e0rrega gratu\u00efta, tamb\u00e9 permet donar-se d\u2019alta com a voluntari o fer un donatiu.<\/p>\n<p>AMPANS, empresa establerta a Santpedor, es nodreix de voluntariat per fer suport en activitats puntuals com l\u2019acompanyament a les vacances, col\u00f2nies i sortides o pel desenvolupament d\u2019activitats de lleure i esportives. L\u2019any 2016 m\u00e9s d\u2019un centenar de persones van col\u00b7laborar en activitats de voluntariat a l\u2019entitat.<\/p>\n","protected":false},"excerpt":{"rendered":"<p>REDACCI\u00d3 | La Fundaci\u00f3 AMPANS ha tret a la llum aquesta setmana l&#8217;aplicaci\u00f3 m\u00f2bil &#8216;Voluntariat AMPANS&#8217;, una eina de comunicaci\u00f3 i interacci\u00f3 entre les necessitats de l\u2019entitat i les persones que hi vulguin col\u00b7laborar. L\u2019objectiu d\u2019aquest nou sistema \u00e9s apropar el voluntariat a la societat i agilitzar la tasca de coordinaci\u00f3 aix\u00ed com augmentar el [&hellip;]<\/p>\n","protected":false},"author":6,"featured_media":9672,"comment_status":"open","ping_status":"closed","sticky":false,"template":"","format":"standard","meta":{"footnotes":""},"categories":[3,137],"tags":[382,737,735,738,423,113,736],"class_list":{"0":"post-9671","1":"post","2":"type-post","3":"status-publish","4":"format-standard","5":"has-post-thumbnail","7":"category-noticies","8":"category-societat","9":"tag-ampans","10":"tag-android","11":"tag-app","12":"tag-ios","13":"tag-mobil","14":"tag-santpedor","15":"tag-voluntariat"},"_links":{"self":[{"href":"https:\/\/santpedor.net\/radio\/wp-json\/wp\/v2\/posts\/9671","targetHints":{"allow":["GET"]}}],"collection":[{"href":"https:\/\/santpedor.net\/radio\/wp-json\/wp\/v2\/posts"}],"about":[{"href":"https:\/\/santpedor.net\/radio\/wp-json\/wp\/v2\/types\/post"}],"author":[{"embeddable":true,"href":"https:\/\/santpedor.net\/radio\/wp-json\/wp\/v2\/users\/6"}],"replies":[{"embeddable":true,"href":"https:\/\/santpedor.net\/radio\/wp-json\/wp\/v2\/comments?post=9671"}],"version-history":[{"count":0,"href":"https:\/\/santpedor.net\/radio\/wp-json\/wp\/v2\/posts\/9671\/revisions"}],"wp:featuredmedia":[{"embeddable":true,"href":"https:\/\/santpedor.net\/radio\/wp-json\/wp\/v2\/media\/9672"}],"wp:attachment":[{"href":"https:\/\/santpedor.net\/radio\/wp-json\/wp\/v2\/media?parent=9671"}],"wp:term":[{"taxonomy":"category","embeddable":true,"href":"https:\/\/santpedor.net\/radio\/wp-json\/wp\/v2\/categories?post=9671"},{"taxonomy":"post_tag","embeddable":true,"href":"https:\/\/santpedor.net\/radio\/wp-json\/wp\/v2\/tags?post=9671"}],"curies":[{"name":"wp","href":"https:\/\/api.w.org\/{rel}","templated":true}]}}