{"id":9676,"date":"2017-02-09T11:11:46","date_gmt":"2017-02-09T10:11:46","guid":{"rendered":"http:\/\/santpedor.net\/radio\/?p=9676"},"modified":"2017-02-09T11:11:46","modified_gmt":"2017-02-09T10:11:46","slug":"arriba-transequia-mes-sostenible-app-mobil","status":"publish","type":"post","link":"https:\/\/santpedor.net\/radio\/arriba-transequia-mes-sostenible-app-mobil\/","title":{"rendered":"Arriba la Trans\u00e8quia m\u00e9s sostenible i amb &#8216;app&#8217; m\u00f2bil"},"content":{"rendered":"<p>El proper diumenge 5 de mar\u00e7 tindr\u00e0 lloc la 33a edici\u00f3 de la Trans\u00e8quia, la popular caminada que passa per Santpedor, Sallent, Sant Fruit\u00f3s i Balsareny, i que l&#8217;any passat ja va aplegar gaireb\u00e9 6.000 persones. Enguany la gran novetat \u00e9s l&#8217;enfoc sostenible que la organitzaci\u00f3 ha pensat per l&#8217;esdeveniment, minimitzant al m\u00e0xim les aig\u00fces envasades en pl\u00e0stics i potenciant l&#8217;obtenci\u00f3 d&#8217;aigua de la pr\u00f2pia xarxa que es distribuir\u00e0 en envasos compostables. L&#8217;altre novetat important \u00e9s l&#8217;aplicaci\u00f3 m\u00f2bil &#8216;BTT-Route&#8217; que s&#8217;estrenar\u00e0 i des d&#8217;on es podr\u00e0 consultar informaci\u00f3 sobre el recorregut, els avituallaments o els serveis.<\/p>\n<p>Com ja \u00e9s habitual, es podr\u00e0 fer la Trans\u00e8quia a peu -rutes de 24, 18 i 10km-, corrent -\u00fanic circuit de 25km, i en bici -54, 30 i 10km-. I tot i que es tracta d&#8217;una cursa no competitiva, hi haur\u00e0 la possibilitat de cronometrar-se.<\/p>\n<p>Les inscripcions per la Trans\u00e8quia, que organitza per 4rt any consecutiu el Parc de la S\u00e8quia de la Fundaci\u00f3 Aig\u00fces de Manresa-Junta de la S\u00e8quia, es poden fer en l\u00ednia a <em>runedia.mundodeportivo.com, o <\/em>als ajuntaments, centres c\u00edvics i oficines de turisme de cada poblaci\u00f3 per on passa -Santpedor, Sallent, Sant Fruit\u00f3s i Balsareny-, i en centres col\u00b7laboradors.<\/p>\n","protected":false},"excerpt":{"rendered":"<p>El proper diumenge 5 de mar\u00e7 tindr\u00e0 lloc la 33a edici\u00f3 de la Trans\u00e8quia, la popular caminada que passa per Santpedor, Sallent, Sant Fruit\u00f3s i Balsareny, i que l&#8217;any passat ja va aplegar gaireb\u00e9 6.000 persones. Enguany la gran novetat \u00e9s l&#8217;enfoc sostenible que la organitzaci\u00f3 ha pensat per l&#8217;esdeveniment, minimitzant al m\u00e0xim les aig\u00fces [&hellip;]<\/p>\n","protected":false},"author":6,"featured_media":9677,"comment_status":"open","ping_status":"closed","sticky":false,"template":"","format":"standard","meta":{"footnotes":""},"categories":[225,3],"tags":[739,740,271,710,741,27,602,113,11],"class_list":{"0":"post-9676","1":"post","2":"type-post","3":"status-publish","4":"format-standard","5":"has-post-thumbnail","7":"category-esports","8":"category-noticies","9":"tag-balsareny","10":"tag-bici","11":"tag-btt","12":"tag-caminada","13":"tag-parc-de-la-sequia","14":"tag-sallent","15":"tag-sant-fruitos","16":"tag-santpedor","17":"tag-transequia"},"_links":{"self":[{"href":"https:\/\/santpedor.net\/radio\/wp-json\/wp\/v2\/posts\/9676","targetHints":{"allow":["GET"]}}],"collection":[{"href":"https:\/\/santpedor.net\/radio\/wp-json\/wp\/v2\/posts"}],"about":[{"href":"https:\/\/santpedor.net\/radio\/wp-json\/wp\/v2\/types\/post"}],"author":[{"embeddable":true,"href":"https:\/\/santpedor.net\/radio\/wp-json\/wp\/v2\/users\/6"}],"replies":[{"embeddable":true,"href":"https:\/\/santpedor.net\/radio\/wp-json\/wp\/v2\/comments?post=9676"}],"version-history":[{"count":0,"href":"https:\/\/santpedor.net\/radio\/wp-json\/wp\/v2\/posts\/9676\/revisions"}],"wp:featuredmedia":[{"embeddable":true,"href":"https:\/\/santpedor.net\/radio\/wp-json\/wp\/v2\/media\/9677"}],"wp:attachment":[{"href":"https:\/\/santpedor.net\/radio\/wp-json\/wp\/v2\/media?parent=9676"}],"wp:term":[{"taxonomy":"category","embeddable":true,"href":"https:\/\/santpedor.net\/radio\/wp-json\/wp\/v2\/categories?post=9676"},{"taxonomy":"post_tag","embeddable":true,"href":"https:\/\/santpedor.net\/radio\/wp-json\/wp\/v2\/tags?post=9676"}],"curies":[{"name":"wp","href":"https:\/\/api.w.org\/{rel}","templated":true}]}}