{"id":9690,"date":"2017-02-09T23:20:58","date_gmt":"2017-02-09T22:20:58","guid":{"rendered":"http:\/\/santpedor.net\/radio\/?p=9690"},"modified":"2017-02-09T23:23:04","modified_gmt":"2017-02-09T22:23:04","slug":"santpedor-vol-vila-florida","status":"publish","type":"post","link":"https:\/\/santpedor.net\/radio\/santpedor-vol-vila-florida\/","title":{"rendered":"Santpedor vol ser Vila Florida"},"content":{"rendered":"<p>REDACCI\u00d3 | Santpedor aprovar\u00e0 dimarts al ple municipal presentar la seva candidatura per ser Vila Florida de Catalunya, una qualificaci\u00f3 que impulsa la Confederaci\u00f3 d\u2019Horticultura Ornamental de Catalunya (CHOC) i l\u2019Ag\u00e8ncia Catalana de Turisme (ACT). \u00c9s el primer municipi del Bages a demanar aquesta distinci\u00f3 dels prop de 100 que a hores d\u2019ara ja han estat reconeguts com a Viles Florides per la seva tasca a favor de la millora de l\u2019espai urb\u00e0.<\/p>\n<p>Aquesta iniciativa de les Viles Florides va n\u00e9ixer fa 5 anys amb l\u2019objectiu de mostrar i posar en valor la riquesa natural i paisatg\u00edstica del pa\u00eds mitjan\u00e7ant el reconeixement p\u00fablic de tots aquells projectes d\u2019enjardinament, ornamentaci\u00f3 floral, mobiliari urb\u00e0 i espais l\u00fadics que, tant en l\u2019\u00e0mbit p\u00fablic com privat, esdevinguin un exemple a seguir.<\/p>\n<p>Un jurat especialitzat format per professionals dels sectors del viverisme, la jardineria, el paisatgisme, el mobiliari urb\u00e0 i altres \u00e0mbits relacionats amb el programa \u00e9s l\u2019encarregat de certificar i renovar anualment aquests distintius. La Flor d\u2019Honor \u2013n\u2019hi ha d\u2019una a cinc\u2013 \u00e9s all\u00f2 que els certifica com a municipis florits.<\/p>\n<p><strong>Criteris per ser una Vila Florida<\/strong><\/p>\n<p>Els aspectes que es valoren de cada municipi s\u00f3n el patrimoni vegetal i paisatg\u00edstic i la singularitat dels espais. El jurat t\u00e9 en compte un tercer paquet d\u2019elements relacionats amb l\u2019\u00fas social i les sin\u00e8rgies amb l\u2019activitat tur\u00edstica, com ara el desenvolupament d\u2019una estrat\u00e8gia de promoci\u00f3 vinculada als espais verds, la promoci\u00f3 del distintiu Vila Florida, l\u2019organitzaci\u00f3 d\u2019esdeveniments relacionats amb els jardins i les plantes, programes d\u2019educaci\u00f3 ambiental, accions de participaci\u00f3 ciutadana, etc.<\/p>\n<p><strong>Santpedor, Vila Florida <\/strong><\/p>\n<p>Per la realitzaci\u00f3 del projecte de Santpedor Vila Florida \u00a0es vol promoure l\u2019ornamentaci\u00f3 floral sobretot dels carrers i places del casc antic per part de l\u2019Ajuntament, i tamb\u00e9 fomentar la participaci\u00f3 del ve\u00efns amb activitats participatives com un concurs d\u2019ornamentaci\u00f3 de balcons, cursos d\u2019ornamentaci\u00f3, etc.<\/p>\n<p>Aix\u00ed, les places Gran, de l\u2019Esgl\u00e9sia i de la Font serien eixos de la Vila Florida. Tamb\u00e9 es faria ornamentaci\u00f3 floral a les portalades i en les jardineres distribu\u00efdes a alguns dels racons m\u00e9s distintius del Barri Antic. Igualment es dissenyar\u00e0 un concurs per dinamitzar la participaci\u00f3 ciutadana en els balcons particulars del centre hist\u00f2ric. Un \u00faltim element que est\u00e0 per acabar de concretar \u00e9s l\u2019impuls d\u2019un mercat de la flor a primers de maig.<\/p>\n","protected":false},"excerpt":{"rendered":"<p>REDACCI\u00d3 | Santpedor aprovar\u00e0 dimarts al ple municipal presentar la seva candidatura per ser Vila Florida de Catalunya, una qualificaci\u00f3 que impulsa la Confederaci\u00f3 d\u2019Horticultura Ornamental de Catalunya (CHOC) i l\u2019Ag\u00e8ncia Catalana de Turisme (ACT). \u00c9s el primer municipi del Bages a demanar aquesta distinci\u00f3 dels prop de 100 que a hores d\u2019ara ja han [&hellip;]<\/p>\n","protected":false},"author":2,"featured_media":9691,"comment_status":"open","ping_status":"closed","sticky":false,"template":"","format":"standard","meta":{"footnotes":""},"categories":[3,137],"tags":[745,113,744],"class_list":{"0":"post-9690","1":"post","2":"type-post","3":"status-publish","4":"format-standard","5":"has-post-thumbnail","7":"category-noticies","8":"category-societat","9":"tag-flors","10":"tag-santpedor","11":"tag-vila-florida"},"_links":{"self":[{"href":"https:\/\/santpedor.net\/radio\/wp-json\/wp\/v2\/posts\/9690","targetHints":{"allow":["GET"]}}],"collection":[{"href":"https:\/\/santpedor.net\/radio\/wp-json\/wp\/v2\/posts"}],"about":[{"href":"https:\/\/santpedor.net\/radio\/wp-json\/wp\/v2\/types\/post"}],"author":[{"embeddable":true,"href":"https:\/\/santpedor.net\/radio\/wp-json\/wp\/v2\/users\/2"}],"replies":[{"embeddable":true,"href":"https:\/\/santpedor.net\/radio\/wp-json\/wp\/v2\/comments?post=9690"}],"version-history":[{"count":0,"href":"https:\/\/santpedor.net\/radio\/wp-json\/wp\/v2\/posts\/9690\/revisions"}],"wp:featuredmedia":[{"embeddable":true,"href":"https:\/\/santpedor.net\/radio\/wp-json\/wp\/v2\/media\/9691"}],"wp:attachment":[{"href":"https:\/\/santpedor.net\/radio\/wp-json\/wp\/v2\/media?parent=9690"}],"wp:term":[{"taxonomy":"category","embeddable":true,"href":"https:\/\/santpedor.net\/radio\/wp-json\/wp\/v2\/categories?post=9690"},{"taxonomy":"post_tag","embeddable":true,"href":"https:\/\/santpedor.net\/radio\/wp-json\/wp\/v2\/tags?post=9690"}],"curies":[{"name":"wp","href":"https:\/\/api.w.org\/{rel}","templated":true}]}}