{"id":9694,"date":"2017-02-13T19:34:18","date_gmt":"2017-02-13T18:34:18","guid":{"rendered":"http:\/\/santpedor.net\/radio\/?p=9694"},"modified":"2017-02-13T19:34:18","modified_gmt":"2017-02-13T18:34:18","slug":"ple-santpedor-votara-dema-unir-se-campanya-casa-nostra-casa-vostra-pacte-nacional-pel-referendum","status":"publish","type":"post","link":"https:\/\/santpedor.net\/radio\/ple-santpedor-votara-dema-unir-se-campanya-casa-nostra-casa-vostra-pacte-nacional-pel-referendum\/","title":{"rendered":"El ple de Santpedor votar\u00e0 dem\u00e0 unir-se a la campanya &#8216;Casa nostra, casa vostra&#8217; i al Pacte Nacional pel refer\u00e8ndum"},"content":{"rendered":"<p>El segon ple municipal de l&#8217;any portar\u00e0 a debat l&#8217;adhesi\u00f3 de Santpedor al Pacte Nacional pel Refer\u00e8ndum, que t\u00e9 per objectiu celebrar un refer\u00e8ndum sobre la independ\u00e8ncia de Catalunya aquest mateix any. Tamb\u00e9 es votar\u00e0 l&#8217;adhesi\u00f3 a la campanya &#8216;Casa nostra, casa vostra&#8217; que est\u00e0 mobilitzant milers de ciutadans aquestes setmanes amb la organitzaci\u00f3 d&#8217;esdeveniments i manifestacions per tal de for\u00e7ar els pol\u00edtics a prendre mesures per facilitar l&#8217;arribada de refugiats a Catalunya.<\/p>\n<p>A m\u00e9s, s&#8217;aprovar\u00e0 inscriure Santpedor al projecte Viles Florides, una iniciativa que pret\u00e9n premiar els municipis que apostin per fomentar els seus paisatges a trav\u00e9s de l&#8217;enjardinament i l&#8217;ornamentaci\u00f3. Santpedor es podria convertir en el primer municipi de la comarca a esdevenir Vila Florida.<\/p>\n<p>Les tarifes dels taxis e 2017, la Mancomunitat de Sanejament del Bages 2015, i el dip\u00f2sit a la concession\u00e0ria del Servei p\u00fablic de la Resid\u00e8ncia de Can Jorba, seran altres temes que es tractaran al ple municipal que es far\u00e0 dem\u00e0 dimarts 14 de febrer a la Capella de Sant Andreu a partir de les 19:30h. Un ple municipal que com sempre \u00e9s obert al p\u00fablic i a les aportacions, en el torn final de preguntes, dels ciutadans.<\/p>\n<p>Consulteu la <a href=\"http:\/\/santpedor.net\/radio\/wp-content\/uploads\/2017\/02\/CONVOCATORIA-PLE-ORDINARI-FEBRER8217.pdf\">convocat\u00f2ria del Ple Municipal de febrer amb l&#8217;ordre del dia.<\/a><\/p>\n","protected":false},"excerpt":{"rendered":"<p>El segon ple municipal de l&#8217;any portar\u00e0 a debat l&#8217;adhesi\u00f3 de Santpedor al Pacte Nacional pel Refer\u00e8ndum, que t\u00e9 per objectiu celebrar un refer\u00e8ndum sobre la independ\u00e8ncia de Catalunya aquest mateix any. Tamb\u00e9 es votar\u00e0 l&#8217;adhesi\u00f3 a la campanya &#8216;Casa nostra, casa vostra&#8217; que est\u00e0 mobilitzant milers de ciutadans aquestes setmanes amb la organitzaci\u00f3 d&#8217;esdeveniments [&hellip;]<\/p>\n","protected":false},"author":6,"featured_media":9696,"comment_status":"open","ping_status":"closed","sticky":false,"template":"","format":"standard","meta":{"footnotes":""},"categories":[3,136],"tags":[7,49,724,746,409,213,113,744],"class_list":{"0":"post-9694","1":"post","2":"type-post","3":"status-publish","4":"format-standard","5":"has-post-thumbnail","7":"category-noticies","8":"category-politica-i-economia","9":"tag-ajuntament","10":"tag-capella-de-sant-andreu","11":"tag-casa-nostra-casa-vostra","12":"tag-pacte-nacional-pel-referendum","13":"tag-ple-municipal","14":"tag-refugiats","15":"tag-santpedor","16":"tag-vila-florida"},"_links":{"self":[{"href":"https:\/\/santpedor.net\/radio\/wp-json\/wp\/v2\/posts\/9694","targetHints":{"allow":["GET"]}}],"collection":[{"href":"https:\/\/santpedor.net\/radio\/wp-json\/wp\/v2\/posts"}],"about":[{"href":"https:\/\/santpedor.net\/radio\/wp-json\/wp\/v2\/types\/post"}],"author":[{"embeddable":true,"href":"https:\/\/santpedor.net\/radio\/wp-json\/wp\/v2\/users\/6"}],"replies":[{"embeddable":true,"href":"https:\/\/santpedor.net\/radio\/wp-json\/wp\/v2\/comments?post=9694"}],"version-history":[{"count":0,"href":"https:\/\/santpedor.net\/radio\/wp-json\/wp\/v2\/posts\/9694\/revisions"}],"wp:featuredmedia":[{"embeddable":true,"href":"https:\/\/santpedor.net\/radio\/wp-json\/wp\/v2\/media\/9696"}],"wp:attachment":[{"href":"https:\/\/santpedor.net\/radio\/wp-json\/wp\/v2\/media?parent=9694"}],"wp:term":[{"taxonomy":"category","embeddable":true,"href":"https:\/\/santpedor.net\/radio\/wp-json\/wp\/v2\/categories?post=9694"},{"taxonomy":"post_tag","embeddable":true,"href":"https:\/\/santpedor.net\/radio\/wp-json\/wp\/v2\/tags?post=9694"}],"curies":[{"name":"wp","href":"https:\/\/api.w.org\/{rel}","templated":true}]}}