{"id":9734,"date":"2017-02-16T13:17:23","date_gmt":"2017-02-16T12:17:23","guid":{"rendered":"http:\/\/santpedor.net\/radio\/?p=9734"},"modified":"2017-02-16T13:17:23","modified_gmt":"2017-02-16T12:17:23","slug":"lajuntament-santpedor-vol-potenciar-comerc-casc-antic-projecte-vila-florida","status":"publish","type":"post","link":"https:\/\/santpedor.net\/radio\/lajuntament-santpedor-vol-potenciar-comerc-casc-antic-projecte-vila-florida\/","title":{"rendered":"L&#8217;Ajuntament de Santpedor vol potenciar el comer\u00e7 del casc antic amb el projecte &#8216;Vila Florida&#8217;"},"content":{"rendered":"<p>Santpedor vol convertir-se en el primer poble del Bages a esdevenir &#8216;Vila Florida&#8217;. Aix\u00ed es va aprovar per unanimitat al ple municipal de dimarts, en qu\u00e8 Xavier Codina va explicar que aquesta iniciativa comen\u00e7aria desenvolupant-se amb una inversi\u00f3 de 6.000 euros, prevista als pressupostos. En principi s&#8217;orientar\u00e0 sobretot al casc antic del poble, per &#8220;promocionar-ne el comer\u00e7&#8221;. Codina va parlar fins i tot de la possibilitat de fer un mercat de la flor a Santpedor:<\/p>\n<audio class=\"wp-audio-shortcode\" id=\"audio-9734-1\" preload=\"none\" style=\"width: 100%;\" controls=\"controls\"><source type=\"audio\/mpeg\" src=\"http:\/\/santpedor.net\/radio\/wp-content\/uploads\/2017\/02\/T-Xavier-Codina-flors.mp3?_=1\" \/><a href=\"http:\/\/santpedor.net\/radio\/wp-content\/uploads\/2017\/02\/T-Xavier-Codina-flors.mp3\">http:\/\/santpedor.net\/radio\/wp-content\/uploads\/2017\/02\/T-Xavier-Codina-flors.mp3<\/a><\/audio>\n<p>La oposici\u00f3 tamb\u00e9 va votar a favor de la proposta per\u00f2 amb matisos. El grup del Partit Dem\u00f2crata Europeu Catal\u00e0, en paraules del seu portaveu, Antoni Puiggros va fer p\u00fablic el seu temor que &#8220;no vulguem jugar la Champions amb l&#8217;equip de poble&#8221;, fent refer\u00e8ncia despr\u00e9s a les mancances est\u00e8tiques que hi ha en diferents punts del municipi i afegint amb sarcasme que &#8220;potser ens puntuaran com a Vila de la Runa&#8221;. Fina Rodr\u00edguez, de Progr\u00e9s Municipal, va mostrar-se d&#8217;acord amb la idea per\u00f2 va demanar fer-la extensiva a tot el municipi i no nom\u00e9s al casc antic.<\/p>\n<p>&#8216;Vila Florida&#8217; \u00e9s una categoria pels pobles que impulsen el seu paisatge, ornamentaci\u00f3 flor\u00edstica i enjardinament, que va n\u00e9ixer a Fran\u00e7a i est\u00e0 agafant forces a les comarques gironines. El funcionament \u00e9s semblant al de les estrelles &#8216;Michelin&#8217; amb els restaurants per\u00f2 amb &#8216;flors&#8217; enlloc d&#8221;estrelles&#8217;. Els municipis comencen optant a una flor i poden arribar a un m\u00e0xim de 5 si hi dediquen la inversi\u00f3 i esfor\u00e7os suficients i el jurat ho creu pertinent. Un jurat que tamb\u00e9 pot retirar flors si considera que el poble en q\u00fcesti\u00f3 ha perdut nivell o no ha sigut prou constant en la promoci\u00f3 i manteniment d&#8217;aquests valors est\u00e8tics.<\/p>\n<p><strong>Pacte Nacional pel Refer\u00e8ndum i &#8216;Campanya Casa nostra, Casa vostra&#8217;<\/strong><\/p>\n<p>Al ple tamb\u00e9 es va aprovar per unanimitat adherir-se a la campanya de &#8216;Casa nostra, casa vostra&#8217;, que sota el lema #volemacollir , pret\u00e9n conscienciar sobre la situaci\u00f3 de les persones en busca de refugi estancades a les portes d&#8217;Europa i pressionar els pol\u00edtics perqu\u00e8 actu\u00efn davant aquesta situaci\u00f3 de cat\u00e0strofe humanit\u00e0ria.<\/p>\n<p>Per altra banda, l&#8217;ajuntament es va adherir al Pacte Nacional pel Refer\u00e8ndum amb els vots favorables d&#8217;ERC i PDeCAT i l&#8217;abstenci\u00f3 de PM. Es tracta d&#8217;un manifest promogut per l&#8217;ANC per sumar forces que donin suport a la celebraci\u00f3 d&#8217;un refer\u00e8ndum per decidir sobre la independ\u00e8ncia de Catalunya.<\/p>\n<p>&nbsp;<\/p>\n","protected":false},"excerpt":{"rendered":"<p>Santpedor vol convertir-se en el primer poble del Bages a esdevenir &#8216;Vila Florida&#8217;. Aix\u00ed es va aprovar per unanimitat al ple municipal de dimarts, en qu\u00e8 Xavier Codina va explicar que aquesta iniciativa comen\u00e7aria desenvolupant-se amb una inversi\u00f3 de 6.000 euros, prevista als pressupostos. En principi s&#8217;orientar\u00e0 sobretot al casc antic del poble, per &#8220;promocionar-ne [&hellip;]<\/p>\n","protected":false},"author":6,"featured_media":9736,"comment_status":"open","ping_status":"closed","sticky":false,"template":"","format":"standard","meta":{"footnotes":""},"categories":[3,136],"tags":[7,187,724,21,746,753,38,600,213,113,744],"class_list":{"0":"post-9734","1":"post","2":"type-post","3":"status-publish","4":"format-standard","5":"has-post-thumbnail","7":"category-noticies","8":"category-politica-i-economia","9":"tag-ajuntament","10":"tag-anc","11":"tag-casa-nostra-casa-vostra","12":"tag-erc","13":"tag-pacte-nacional-pel-referendum","14":"tag-pdecat","15":"tag-ple","16":"tag-pm","17":"tag-refugiats","18":"tag-santpedor","19":"tag-vila-florida"},"_links":{"self":[{"href":"https:\/\/santpedor.net\/radio\/wp-json\/wp\/v2\/posts\/9734","targetHints":{"allow":["GET"]}}],"collection":[{"href":"https:\/\/santpedor.net\/radio\/wp-json\/wp\/v2\/posts"}],"about":[{"href":"https:\/\/santpedor.net\/radio\/wp-json\/wp\/v2\/types\/post"}],"author":[{"embeddable":true,"href":"https:\/\/santpedor.net\/radio\/wp-json\/wp\/v2\/users\/6"}],"replies":[{"embeddable":true,"href":"https:\/\/santpedor.net\/radio\/wp-json\/wp\/v2\/comments?post=9734"}],"version-history":[{"count":0,"href":"https:\/\/santpedor.net\/radio\/wp-json\/wp\/v2\/posts\/9734\/revisions"}],"wp:featuredmedia":[{"embeddable":true,"href":"https:\/\/santpedor.net\/radio\/wp-json\/wp\/v2\/media\/9736"}],"wp:attachment":[{"href":"https:\/\/santpedor.net\/radio\/wp-json\/wp\/v2\/media?parent=9734"}],"wp:term":[{"taxonomy":"category","embeddable":true,"href":"https:\/\/santpedor.net\/radio\/wp-json\/wp\/v2\/categories?post=9734"},{"taxonomy":"post_tag","embeddable":true,"href":"https:\/\/santpedor.net\/radio\/wp-json\/wp\/v2\/tags?post=9734"}],"curies":[{"name":"wp","href":"https:\/\/api.w.org\/{rel}","templated":true}]}}