{"id":9739,"date":"2017-02-21T19:51:08","date_gmt":"2017-02-21T18:51:08","guid":{"rendered":"http:\/\/santpedor.net\/radio\/?p=9739"},"modified":"2017-02-21T19:51:08","modified_gmt":"2017-02-21T18:51:08","slug":"santpedor-ja-olor-carnaval-ximet-escudella-bakalau","status":"publish","type":"post","link":"https:\/\/santpedor.net\/radio\/santpedor-ja-olor-carnaval-ximet-escudella-bakalau\/","title":{"rendered":"Santpedor ja fa olor de carnaval&#8230;ximet, escudella i &#8216;bakalau&#8217;"},"content":{"rendered":"<p>El ximet, el &#8216;bakalau&#8217;, l&#8217;escudella i les disfresses tornaran a ser protagonistes a Santpedor pel Carnaval, el proper cap de setmana del 25 i 26 de febrer. Sanpedor es va proposar l&#8217;any passat convertir el Carnaval en una gran festa, la Festa Major d&#8217;Hivern del poble. Amb m\u00e9s de 1.000 participants, es pot dir que es va aconseguir, o almenys es va fer el primer pas.<\/p>\n<p>La culpa de l&#8217;\u00e8xit en gran mesura va ser de la Comissi\u00f3 de Penyes, que va introduir novetats al programa com la creaci\u00f3, presentaci\u00f3 i tast del ximet -que pret\u00e9n convertir-se en la beguda pr\u00f2pia de Santpedor per excel\u00b7l\u00e8ncia-, la ruta del &#8216;bakalau&#8217; i el Concurs d&#8217;Escudella. Enguany tots aquests elements tornaran a formar part de la festa del Carnaval de Santpedor, juntament amb el programa oficial que inclou les rues, disfresses i comparses.<\/p>\n<p>El xou comen\u00e7ar\u00e0 divendres a les 20:30h amb la ruta del &#8216;Bakalau&#8217;, que encap\u00e7alar\u00e0 la colla &#8216;bacallanera&#8217; dels Penjats. Un recorregut per diferents bars del poble al so de la xaranga Kriptonita. A cada bar es servir\u00e0 una tapa i una beguda. El tiquet costar\u00e0 15\u20ac i nom\u00e9s el podran comprar els majors de 18 anys. La cercavila acabar\u00e0 a Cal Llovet amb barra de bar i m\u00fasica a la carta a c\u00e0rrec de Bo\u00eete Lennon.<\/p>\n<p>El gruix de la festa ser\u00e0 dissabte. I comen\u00e7ar\u00e0 ben d&#8217;hora amb el 2n Concurs d&#8217;Escudella de Santpedor. Les colles del poble es concentraran a partir de les 10h a la Pla\u00e7a Gran per preparar el beuratge que el jurat desgustar\u00e0 i puntuar\u00e0 a partir cap a les 14h. Tot plegat amenittzat per PD Jowy i Pere Fern\u00e1ndez. Al llarg de la jornada tamb\u00e9 es podr\u00e0 degustar el &#8216;Ximet&#8217;, el beuratge inspirat en Santpedor que va n\u00e9ixer l&#8217;any passat.<\/p>\n<p>Amb la panxa plena, a les 18h, comen\u00e7ar\u00e0 la concetraci\u00f3 de disfresses , comparses i carrosses a la Ronda de Sant Pere, per comen\u00e7ar la rua a les 18:30h -a partir de les 17h es faran les inscripcions, amb l&#8217;aparici\u00f3 del rei Leru-Leru i l&#8217;acompanyament del DJ Lerele. La gentada anir\u00e0 a petar de nou a Cal Llovet, a les 22h, on es far\u00e0 el sopar i l&#8217;actuaci\u00f3 del Mag N\u00e9stor. M\u00e9s tard ser\u00e0 el torn pel DJ La Bo\u00eete Lennon, els Caipirinha Rumberos, i l&#8217;entrega de premis.<\/p>\n<p>Pels m\u00e9s menuts, com sempre, hi haur\u00e0 el Carnaval Infantil el diumenge 26 de febrer. A partir de les 11:30h es concetraran les disfresses i comparses per fer la seva rua fins a Cal Llovet, tamb\u00e9 amb el Rei Leru-Leru i el DJ Lerele. A Cal Llovet, l&#8217;espectacle infantil &#8216;Monstruari&#8217; posar\u00e0 fi a la festa.<\/p>\n<p><img loading=\"lazy\" decoding=\"async\" class=\"alignnone size-full wp-image-9747\" src=\"http:\/\/santpedor.net\/radio\/wp-content\/uploads\/2017\/02\/carnaval-2017-santpedor.jpg\" alt=\"\" width=\"2048\" height=\"1515\" srcset=\"https:\/\/santpedor.net\/radio\/wp-content\/uploads\/2017\/02\/carnaval-2017-santpedor.jpg 1024w, https:\/\/santpedor.net\/radio\/wp-content\/uploads\/2017\/02\/carnaval-2017-santpedor-300x222.jpg 300w, https:\/\/santpedor.net\/radio\/wp-content\/uploads\/2017\/02\/carnaval-2017-santpedor-768x568.jpg 768w, https:\/\/santpedor.net\/radio\/wp-content\/uploads\/2017\/02\/carnaval-2017-santpedor-80x60.jpg 80w, https:\/\/santpedor.net\/radio\/wp-content\/uploads\/2017\/02\/carnaval-2017-santpedor-696x515.jpg 696w, https:\/\/santpedor.net\/radio\/wp-content\/uploads\/2017\/02\/carnaval-2017-santpedor-1068x790.jpg 1068w, https:\/\/santpedor.net\/radio\/wp-content\/uploads\/2017\/02\/carnaval-2017-santpedor-568x420.jpg 568w\" sizes=\"auto, (max-width: 2048px) 100vw, 2048px\" \/><\/p>\n<p><a href=\"http:\/\/www.radiosallent.cat\/wp-content\/uploads\/2017\/02\/carnaval-santpedor.png\"><img loading=\"lazy\" decoding=\"async\" class=\"alignnone size-full wp-image-7013\" src=\"http:\/\/www.radiosallent.cat\/wp-content\/uploads\/2017\/02\/carnaval-santpedor.png\" alt=\"carnaval santpedor\" width=\"3444\" height=\"1217\" \/><\/a><\/p>\n<p>&nbsp;<\/p>\n","protected":false},"excerpt":{"rendered":"<p>El ximet, el &#8216;bakalau&#8217;, l&#8217;escudella i les disfresses tornaran a ser protagonistes a Santpedor pel Carnaval, el proper cap de setmana del 25 i 26 de febrer. Sanpedor es va proposar l&#8217;any passat convertir el Carnaval en una gran festa, la Festa Major d&#8217;Hivern del poble. Amb m\u00e9s de 1.000 participants, es pot dir que [&hellip;]<\/p>\n","protected":false},"author":2,"featured_media":9732,"comment_status":"open","ping_status":"closed","sticky":false,"template":"","format":"standard","meta":{"footnotes":""},"categories":[236,3],"tags":[754,325,326,755,756,113,344],"class_list":{"0":"post-9739","1":"post","2":"type-post","3":"status-publish","4":"format-standard","5":"has-post-thumbnail","7":"category-entitats-i-cultura","8":"category-noticies","9":"tag-bakalau","10":"tag-carnaval","11":"tag-comissio-de-penyes","12":"tag-disfresses","13":"tag-escudella","14":"tag-santpedor","15":"tag-ximet"},"_links":{"self":[{"href":"https:\/\/santpedor.net\/radio\/wp-json\/wp\/v2\/posts\/9739","targetHints":{"allow":["GET"]}}],"collection":[{"href":"https:\/\/santpedor.net\/radio\/wp-json\/wp\/v2\/posts"}],"about":[{"href":"https:\/\/santpedor.net\/radio\/wp-json\/wp\/v2\/types\/post"}],"author":[{"embeddable":true,"href":"https:\/\/santpedor.net\/radio\/wp-json\/wp\/v2\/users\/2"}],"replies":[{"embeddable":true,"href":"https:\/\/santpedor.net\/radio\/wp-json\/wp\/v2\/comments?post=9739"}],"version-history":[{"count":0,"href":"https:\/\/santpedor.net\/radio\/wp-json\/wp\/v2\/posts\/9739\/revisions"}],"wp:featuredmedia":[{"embeddable":true,"href":"https:\/\/santpedor.net\/radio\/wp-json\/wp\/v2\/media\/9732"}],"wp:attachment":[{"href":"https:\/\/santpedor.net\/radio\/wp-json\/wp\/v2\/media?parent=9739"}],"wp:term":[{"taxonomy":"category","embeddable":true,"href":"https:\/\/santpedor.net\/radio\/wp-json\/wp\/v2\/categories?post=9739"},{"taxonomy":"post_tag","embeddable":true,"href":"https:\/\/santpedor.net\/radio\/wp-json\/wp\/v2\/tags?post=9739"}],"curies":[{"name":"wp","href":"https:\/\/api.w.org\/{rel}","templated":true}]}}