{"id":9741,"date":"2017-02-20T18:41:51","date_gmt":"2017-02-20T17:41:51","guid":{"rendered":"http:\/\/santpedor.net\/radio\/?p=9741"},"modified":"2017-02-21T20:17:03","modified_gmt":"2017-02-21T19:17:03","slug":"avanca-negociacio-propietaris-obrir-cal-jorba","status":"publish","type":"post","link":"https:\/\/santpedor.net\/radio\/avanca-negociacio-propietaris-obrir-cal-jorba\/","title":{"rendered":"Avan\u00e7a la negociaci\u00f3 amb els propietaris per obrir cal Jorba"},"content":{"rendered":"<p>La nova troballa que vincula Cal Jorba de Santpedor al llegat de l\u2019arquitecte modernista Josep Puig i Cadafalch ha revifat l\u2019inter\u00e8s per aquesta finca hist\u00f2rica oculta darrere d\u2019un tancat i un munt de brossa. L\u2019arxivera municipal Mireia Vila ens ha explicat al Pla\u00e7a Gran d\u2019aquest febrer (el podeu sentir aqu\u00ed sota) com van confirmar que Puig i Cadafalch havia constru\u00eft l\u2019emblem\u00e0tica torre de les Aig\u00fces i reformat la casa pairal i el jard\u00ed rom\u00e0ntic, gr\u00e0cies a l\u2019amistat que mantenia amb la propiet\u00e0ria, la v\u00eddua Serafina Jover i de Llissach. El regidor de Medi Ambient i Urbanisme, Josep Illa (ERC), va explicar que continuen les negociacions amb els diversos propietaris de Cal Jorba perqu\u00e8, tal com preveu el pla d\u2019ordenaci\u00f3 urban\u00edstic, m\u00e9s d\u2019hora que tard cedeixin aquest espai verd perqu\u00e8 sigui d\u2019\u00fas p\u00fablic. Illa no ha volgut donar detalls d\u2019unes converses que es porten amb discreci\u00f3 des de fa mesos, per\u00f2 s\u00ed que ha explicat que s\u2019ha passat a una nova fase en qu\u00e8 ara es posaran n\u00fameros sobre la taula. Al programa tamb\u00e9 hi havia la regidora Roser Llobera (PDECat), que va celebrar la descoberta per\u00f2 va advertir que abans que invertir diners a Cal Jorba la prioritat de l\u2019Ajuntament ha de ser tenir a punt el nou equipament de Cal Clarass\u00f3.<\/p>\n<p>En el programa tamb\u00e9 es va parlar de la pugna entre l\u2019Ajuntament i la concession\u00e0ria de la resid\u00e8ncia d\u2019avis Can Jorba per un benefici inesperat que va sorgir en la construcci\u00f3 de l\u2019edifici per un estalvi de l\u2019IVA. El ple municipal ha demanat un informe a la Comissi\u00f3 Jur\u00eddica Assessora de la Generalitat perqu\u00e8 digui qui se l\u2019ha de quedar els m\u00e9s de 300.000 euros en disputa. El govern local tamb\u00e9 reclama a l\u2019empresa l\u2019Onada que faci p\u00fablics els n\u00fameros de la resid\u00e8ncia p\u00fablica de Santpedor, en compliment de les condicions de l\u2019adjudicaci\u00f3.<\/p>\n<p><iframe loading=\"lazy\" id=\"audio_17113886\" style=\"border: 1px solid #EEE; box-sizing: border-box; width: 100%;\" src=\"http:\/\/www.ivoox.com\/player_ej_17113886_4_1.html?c1=828282\" width=\"300\" height=\"200\" frameborder=\"0\" scrolling=\"no\" allowfullscreen=\"allowfullscreen\"><\/iframe><\/p>\n","protected":false},"excerpt":{"rendered":"<p>La nova troballa que vincula Cal Jorba de Santpedor al llegat de l\u2019arquitecte modernista Josep Puig i Cadafalch ha revifat l\u2019inter\u00e8s per aquesta finca hist\u00f2rica oculta darrere d\u2019un tancat i un munt de brossa. L\u2019arxivera municipal Mireia Vila ens ha explicat al Pla\u00e7a Gran d\u2019aquest febrer (el podeu sentir aqu\u00ed sota) com van confirmar que [&hellip;]<\/p>\n","protected":false},"author":4,"featured_media":9722,"comment_status":"open","ping_status":"closed","sticky":false,"template":"","format":"standard","meta":{"footnotes":""},"categories":[356,535],"tags":[7,757,113],"class_list":{"0":"post-9741","1":"post","2":"type-post","3":"status-publish","4":"format-standard","5":"has-post-thumbnail","7":"category-placa-gran","8":"category-programes","9":"tag-ajuntament","10":"tag-cal-jorba","11":"tag-santpedor"},"_links":{"self":[{"href":"https:\/\/santpedor.net\/radio\/wp-json\/wp\/v2\/posts\/9741","targetHints":{"allow":["GET"]}}],"collection":[{"href":"https:\/\/santpedor.net\/radio\/wp-json\/wp\/v2\/posts"}],"about":[{"href":"https:\/\/santpedor.net\/radio\/wp-json\/wp\/v2\/types\/post"}],"author":[{"embeddable":true,"href":"https:\/\/santpedor.net\/radio\/wp-json\/wp\/v2\/users\/4"}],"replies":[{"embeddable":true,"href":"https:\/\/santpedor.net\/radio\/wp-json\/wp\/v2\/comments?post=9741"}],"version-history":[{"count":0,"href":"https:\/\/santpedor.net\/radio\/wp-json\/wp\/v2\/posts\/9741\/revisions"}],"wp:featuredmedia":[{"embeddable":true,"href":"https:\/\/santpedor.net\/radio\/wp-json\/wp\/v2\/media\/9722"}],"wp:attachment":[{"href":"https:\/\/santpedor.net\/radio\/wp-json\/wp\/v2\/media?parent=9741"}],"wp:term":[{"taxonomy":"category","embeddable":true,"href":"https:\/\/santpedor.net\/radio\/wp-json\/wp\/v2\/categories?post=9741"},{"taxonomy":"post_tag","embeddable":true,"href":"https:\/\/santpedor.net\/radio\/wp-json\/wp\/v2\/tags?post=9741"}],"curies":[{"name":"wp","href":"https:\/\/api.w.org\/{rel}","templated":true}]}}