{"id":9780,"date":"2017-02-28T10:44:19","date_gmt":"2017-02-28T09:44:19","guid":{"rendered":"http:\/\/santpedor.net\/radio\/vent-de-ponent-i-nuvols-alts\/"},"modified":"2017-02-28T10:44:19","modified_gmt":"2017-02-28T09:44:19","slug":"vent-de-ponent-i-nuvols-alts","status":"publish","type":"post","link":"https:\/\/santpedor.net\/radio\/vent-de-ponent-i-nuvols-alts\/","title":{"rendered":"Vent de ponent i n\u00favols alts"},"content":{"rendered":"<p><html><body><\/p>\n<p>Temperatures m\u00ednimes que no han pogut baixar massa a causa del vent avui. Tot i aix\u00ed a Sallent, for\u00e7a arrecerat del vent de ponent, ha assolit una m\u00ednima de 2\u00baC. Per\u00f2 en general les temperatures a primera hora del mat\u00ed s\u2019han situat entre els 5 i els 7\u00baC. Esperem un dia amb n\u00favols mitgencs i alts, alguns d\u2019ells amb forma de platets (lenticulars) que s\u00f3n reflex del vent de ponent que ens afectar\u00e0 al llarg del dia d\u2019avui. Algunes r\u00e0fegues podran ser moderades a primera hora de la tarda, disminuint la intensitat clarament al vespre. Les temperatures m\u00e0ximes es situaran entre els 14 i els 16\u00ba.<\/p>\n<p>De cara a dem\u00e0 el vent ja ser\u00e0 not\u00edcia i les temperatures m\u00ednimes baixaran clarament, amb alguns valors pr\u00f2xims als 0\u00baC al Pla de Bages. El sol ser\u00e0 el protagonista dem\u00e0 i les temperatures m\u00e0ximes es recuperaran novament, assolint els 15 o 16\u00baC.<\/p>\n<p>Foto: N\u00favols alts i mitgencs aquest mat\u00ed des de Santpedor.<\/p>\n<p>&#13;<br \/>\nSource: El temps<\/body><\/html><\/p>\n","protected":false},"excerpt":{"rendered":"<p>Temperatures m\u00ednimes que no han pogut baixar massa a causa del vent avui. Tot i aix\u00ed a Sallent, for\u00e7a arrecerat del vent de ponent, ha assolit una m\u00ednima de 2\u00baC. Per\u00f2 en general les temperatures a primera hora del mat\u00ed s\u2019han situat entre els 5 i els 7\u00baC. Esperem un dia amb n\u00favols mitgencs i [&hellip;]<\/p>\n","protected":false},"author":1,"featured_media":0,"comment_status":"false","ping_status":"closed","sticky":false,"template":"","format":"standard","meta":{"footnotes":""},"categories":[768],"tags":[113],"class_list":{"0":"post-9780","1":"post","2":"type-post","3":"status-publish","4":"format-standard","6":"category-el-temps","7":"tag-santpedor"},"_links":{"self":[{"href":"https:\/\/santpedor.net\/radio\/wp-json\/wp\/v2\/posts\/9780","targetHints":{"allow":["GET"]}}],"collection":[{"href":"https:\/\/santpedor.net\/radio\/wp-json\/wp\/v2\/posts"}],"about":[{"href":"https:\/\/santpedor.net\/radio\/wp-json\/wp\/v2\/types\/post"}],"author":[{"embeddable":true,"href":"https:\/\/santpedor.net\/radio\/wp-json\/wp\/v2\/users\/1"}],"replies":[{"embeddable":true,"href":"https:\/\/santpedor.net\/radio\/wp-json\/wp\/v2\/comments?post=9780"}],"version-history":[{"count":0,"href":"https:\/\/santpedor.net\/radio\/wp-json\/wp\/v2\/posts\/9780\/revisions"}],"wp:attachment":[{"href":"https:\/\/santpedor.net\/radio\/wp-json\/wp\/v2\/media?parent=9780"}],"wp:term":[{"taxonomy":"category","embeddable":true,"href":"https:\/\/santpedor.net\/radio\/wp-json\/wp\/v2\/categories?post=9780"},{"taxonomy":"post_tag","embeddable":true,"href":"https:\/\/santpedor.net\/radio\/wp-json\/wp\/v2\/tags?post=9780"}],"curies":[{"name":"wp","href":"https:\/\/api.w.org\/{rel}","templated":true}]}}