{"id":9785,"date":"2017-03-01T13:00:30","date_gmt":"2017-03-01T12:00:30","guid":{"rendered":"http:\/\/santpedor.net\/radio\/?p=9785"},"modified":"2017-03-01T13:00:30","modified_gmt":"2017-03-01T12:00:30","slug":"laia-muns-la-transequia-es-una-festa-la-gent-sho-ha-fet-seu-al-llarg-dels-anys","status":"publish","type":"post","link":"https:\/\/santpedor.net\/radio\/laia-muns-la-transequia-es-una-festa-la-gent-sho-ha-fet-seu-al-llarg-dels-anys\/","title":{"rendered":"Laia Muns: &#8220;La trans\u00e8quia \u00e9s una festa, la gent s&#8217;ho ha fet seu al llarg dels anys&#8221;"},"content":{"rendered":"<p>Queden nom\u00e9s 4 dies per la Trans\u00e8quia. El proper 5 de mar\u00e7 es far\u00e0 la 33ena edici\u00f3 d&#8217;aquesta popular jornada esportiva. Una cursa esportiva per a tots els nivells que es pot fer a peu, corrents, o en bici, i per la qual segurament no calen gaires presentacions perqu\u00e8 est\u00e0 absolutament consolidada al calendari bagenc d\u2019activitats esportives per aquestes dates.<\/p>\n<p>Enguany, els organitzadors redoblaran els esfor\u00e7os per fer una jornada m\u00e9s sostenible i respectuosa amb el medi ambient, tot minimitzant les aig\u00fces envasades en pl\u00e0stic. La coordinadora de la Trans\u00e8quia, Laia Muns, assegura que \u00e9s &#8220;un passet m\u00e9s per minimitzar residus i reciclar m\u00e9s&#8221; i que &#8220;l&#8217;any que ve anirem a m\u00e9s&#8221;:<\/p>\n<audio class=\"wp-audio-shortcode\" id=\"audio-9785-1\" preload=\"none\" style=\"width: 100%;\" controls=\"controls\"><source type=\"audio\/mpeg\" src=\"http:\/\/www.radiosallent.cat\/wp-content\/uploads\/2017\/03\/T-Laia-Muns-trans\u00e8quia.mp3?_=1\" \/><a href=\"http:\/\/www.radiosallent.cat\/wp-content\/uploads\/2017\/03\/T-Laia-Muns-trans\u00e8quia.mp3\">http:\/\/www.radiosallent.cat\/wp-content\/uploads\/2017\/03\/T-Laia-Muns-trans\u00e8quia.mp3<\/a><\/audio>\n<p>Muns assegura que &#8220;m\u00e9s que una activitat esportiva la Trans\u00e8quia \u00e9s una festa, una activitat l\u00fadico-esportiva que tothom s&#8217;ha fet seva amb el pas dels anys&#8221;.<\/p>\n<p>Com ja \u00e9s habitual, es podr\u00e0 fer la Trans\u00e8quia a peu -rutes de 24, 18 i 10km-, corrent -\u00fanic circuit de 25km, i en bici -54, 30 i 10km-. I tot i que es tracta d\u2019una cursa no competitiva, hi haur\u00e0 la possibilitat de cronometrar-se.<\/p>\n<p>Les inscripcions per la Trans\u00e8quia, que organitza per 4rt any consecutiu el Parc de la S\u00e8quia de la Fundaci\u00f3 Aig\u00fces de Manresa-Junta de la S\u00e8quia, es poden fer en l\u00ednia a <em>runedia.mundodeportivo.com, o <\/em>als ajuntaments, centres c\u00edvics i oficines de turisme de cada poblaci\u00f3 per on passa -Santpedor, Sallent, Sant Fruit\u00f3s i Balsareny-, i en centres col\u00b7laboradors.<\/p>\n<p>Escolteu l&#8217;entrevista sencera a Laia Muns, coordinadora de la Trans\u00e8quia:<\/p>\n<p><iframe loading=\"lazy\" id=\"audio_17205780\" style=\"border: 1px solid #EEE; box-sizing: border-box; width: 100%;\" src=\"http:\/\/www.ivoox.com\/player_ej_17205780_4_1.html?c1=828282\" width=\"300\" height=\"200\" frameborder=\"0\" scrolling=\"no\" allowfullscreen=\"allowfullscreen\"><\/iframe><\/p>\n","protected":false},"excerpt":{"rendered":"<p>Queden nom\u00e9s 4 dies per la Trans\u00e8quia. El proper 5 de mar\u00e7 es far\u00e0 la 33ena edici\u00f3 d&#8217;aquesta popular jornada esportiva. Una cursa esportiva per a tots els nivells que es pot fer a peu, corrents, o en bici, i per la qual segurament no calen gaires presentacions perqu\u00e8 est\u00e0 absolutament consolidada al calendari bagenc [&hellip;]<\/p>\n","protected":false},"author":6,"featured_media":9786,"comment_status":"open","ping_status":"closed","sticky":false,"template":"","format":"standard","meta":{"footnotes":""},"categories":[225,3],"tags":[27,28,113,11],"class_list":{"0":"post-9785","1":"post","2":"type-post","3":"status-publish","4":"format-standard","5":"has-post-thumbnail","7":"category-esports","8":"category-noticies","9":"tag-sallent","10":"tag-sant-fruitos-de-bages","11":"tag-santpedor","12":"tag-transequia"},"_links":{"self":[{"href":"https:\/\/santpedor.net\/radio\/wp-json\/wp\/v2\/posts\/9785","targetHints":{"allow":["GET"]}}],"collection":[{"href":"https:\/\/santpedor.net\/radio\/wp-json\/wp\/v2\/posts"}],"about":[{"href":"https:\/\/santpedor.net\/radio\/wp-json\/wp\/v2\/types\/post"}],"author":[{"embeddable":true,"href":"https:\/\/santpedor.net\/radio\/wp-json\/wp\/v2\/users\/6"}],"replies":[{"embeddable":true,"href":"https:\/\/santpedor.net\/radio\/wp-json\/wp\/v2\/comments?post=9785"}],"version-history":[{"count":0,"href":"https:\/\/santpedor.net\/radio\/wp-json\/wp\/v2\/posts\/9785\/revisions"}],"wp:featuredmedia":[{"embeddable":true,"href":"https:\/\/santpedor.net\/radio\/wp-json\/wp\/v2\/media\/9786"}],"wp:attachment":[{"href":"https:\/\/santpedor.net\/radio\/wp-json\/wp\/v2\/media?parent=9785"}],"wp:term":[{"taxonomy":"category","embeddable":true,"href":"https:\/\/santpedor.net\/radio\/wp-json\/wp\/v2\/categories?post=9785"},{"taxonomy":"post_tag","embeddable":true,"href":"https:\/\/santpedor.net\/radio\/wp-json\/wp\/v2\/tags?post=9785"}],"curies":[{"name":"wp","href":"https:\/\/api.w.org\/{rel}","templated":true}]}}