{"id":9790,"date":"2017-03-02T11:45:25","date_gmt":"2017-03-02T10:45:25","guid":{"rendered":"http:\/\/santpedor.net\/radio\/?p=9790"},"modified":"2017-03-02T11:48:16","modified_gmt":"2017-03-02T10:48:16","slug":"alumnes-de-linstitut-dauro-representaran-lobra-i-need-a-job-amb-alumnes-de-turquia-italia-i-polonia","status":"publish","type":"post","link":"https:\/\/santpedor.net\/radio\/alumnes-de-linstitut-dauro-representaran-lobra-i-need-a-job-amb-alumnes-de-turquia-italia-i-polonia\/","title":{"rendered":"Alumnes de L&#8217;institut d&#8217;Auro representaran l&#8217;obra &#8216;I need a job&#8217; amb alumnes de Turquia, It\u00e0lia i Pol\u00f2nia"},"content":{"rendered":"<p>Els alumnes de 3er d&#8217;ESO que fan l&#8217;assignatura optativa d&#8217;Erasmus posaran en escena avui a l&#8217;Auditori Convent de Sant Francesc una obra molt especial que porten temps preparant: &#8216;I need a job&#8217;. I no ho faran gens mal acompanyats, perqu\u00e8 tamb\u00e9 hi participaran alumnes de tres instituts de Turquia, It\u00e0lia i Pol\u00f2nia. S\u00f3n alumnes que van arribar dilluns i estan passant la setmana aqu\u00ed -marxen dissabte al mat\u00ed-, tot participant del projecte &#8216;Employability on stage&#8217; del programa Erasmus+. Un projecte d&#8217;intercanvi entre estudiants que va comen\u00e7ar l&#8217;any passat i del qual l&#8217;institut d&#8217;Auro n&#8217;\u00e9s coordinador.<\/p>\n<p>Inicialment estava previst que l&#8217;estada dels estudiants aquests dies es fes a Turquia, despr\u00e9s d&#8217;encetar el projecte l&#8217;any passat a Santpedor (gener), i continuar m\u00e9s tard a It\u00e0lia (maig); per\u00f2 la situaci\u00f3 pol\u00edtica del pa\u00eds ha obligat a canviar de plans, i s&#8217;ha decidit que sigui de nou l&#8217;Institut d&#8217;Auro, com a coordinador del projecte, qui rellevi als turcs. Ho explica la directora de l&#8217;institut Teresa Prat.<\/p>\n<audio class=\"wp-audio-shortcode\" id=\"audio-9790-1\" preload=\"none\" style=\"width: 100%;\" controls=\"controls\"><source type=\"audio\/mpeg\" src=\"http:\/\/santpedor.net\/radio\/wp-content\/uploads\/2017\/03\/T-Teresa-Prat-Erasmus-1.mp3?_=1\" \/><a href=\"http:\/\/santpedor.net\/radio\/wp-content\/uploads\/2017\/03\/T-Teresa-Prat-Erasmus-1.mp3\">http:\/\/santpedor.net\/radio\/wp-content\/uploads\/2017\/03\/T-Teresa-Prat-Erasmus-1.mp3<\/a><\/audio>\n<p>L&#8217;obra &#8216;I need a job&#8217; \u00e9s un musical sobre ocupaci\u00f3 juvenil que tots els alumnes que hi participen porten setmanes preparant, i que els matins d&#8217;aquesta setmana han acabat d&#8217;ultimar amb els assajos conjunts. Tot i que els alumnes que fan l&#8217;optativa i els intercanvis s\u00f3n de 3er d&#8217;ESO (14-15 anys), tamb\u00e9 hi col\u00b7laboren alumnes d&#8217;altres cursos. La representaci\u00f3 \u00e9s oberta a tothom, per\u00f2 qui no pugui o vulgui despla\u00e7ar-se a l&#8217;Auditori Convent de Sant Francesc podr\u00e0 veure-la \u00edntegrament i en directe a trav\u00e9s del compte de Facebook de l&#8217;institut d&#8217;Auro, que l&#8217;emetr\u00e0 per Facebook Live.<\/p>\n<p>Al maig, els estudiants santpedorencs aniran a Pol\u00f2nia, \u00faltima parada del programa d&#8217;intercanvis Erasmuns+.<\/p>\n<p><img loading=\"lazy\" decoding=\"async\" class=\"alignnone size-full wp-image-9794\" src=\"http:\/\/santpedor.net\/radio\/wp-content\/uploads\/2017\/03\/erasmus.jpg\" alt=\"\" width=\"538\" height=\"960\" srcset=\"https:\/\/santpedor.net\/radio\/wp-content\/uploads\/2017\/03\/erasmus.jpg 538w, https:\/\/santpedor.net\/radio\/wp-content\/uploads\/2017\/03\/erasmus-168x300.jpg 168w, https:\/\/santpedor.net\/radio\/wp-content\/uploads\/2017\/03\/erasmus-235x420.jpg 235w\" sizes=\"auto, (max-width: 538px) 100vw, 538px\" \/><\/p>\n","protected":false},"excerpt":{"rendered":"<p>Els alumnes de 3er d&#8217;ESO que fan l&#8217;assignatura optativa d&#8217;Erasmus posaran en escena avui a l&#8217;Auditori Convent de Sant Francesc una obra molt especial que porten temps preparant: &#8216;I need a job&#8217;. I no ho faran gens mal acompanyats, perqu\u00e8 tamb\u00e9 hi participaran alumnes de tres instituts de Turquia, It\u00e0lia i Pol\u00f2nia. S\u00f3n alumnes que [&hellip;]<\/p>\n","protected":false},"author":6,"featured_media":9795,"comment_status":"open","ping_status":"closed","sticky":false,"template":"","format":"standard","meta":{"footnotes":""},"categories":[3,137],"tags":[209,769,770,218,772,771,113,411],"class_list":{"0":"post-9790","1":"post","2":"type-post","3":"status-publish","4":"format-standard","5":"has-post-thumbnail","7":"category-noticies","8":"category-societat","9":"tag-auditori-convent-de-sant-francesc","10":"tag-erasmus","11":"tag-i-need-a-job","12":"tag-institut-dauro","13":"tag-italia","14":"tag-polonia","15":"tag-santpedor","16":"tag-turquia"},"_links":{"self":[{"href":"https:\/\/santpedor.net\/radio\/wp-json\/wp\/v2\/posts\/9790","targetHints":{"allow":["GET"]}}],"collection":[{"href":"https:\/\/santpedor.net\/radio\/wp-json\/wp\/v2\/posts"}],"about":[{"href":"https:\/\/santpedor.net\/radio\/wp-json\/wp\/v2\/types\/post"}],"author":[{"embeddable":true,"href":"https:\/\/santpedor.net\/radio\/wp-json\/wp\/v2\/users\/6"}],"replies":[{"embeddable":true,"href":"https:\/\/santpedor.net\/radio\/wp-json\/wp\/v2\/comments?post=9790"}],"version-history":[{"count":0,"href":"https:\/\/santpedor.net\/radio\/wp-json\/wp\/v2\/posts\/9790\/revisions"}],"wp:featuredmedia":[{"embeddable":true,"href":"https:\/\/santpedor.net\/radio\/wp-json\/wp\/v2\/media\/9795"}],"wp:attachment":[{"href":"https:\/\/santpedor.net\/radio\/wp-json\/wp\/v2\/media?parent=9790"}],"wp:term":[{"taxonomy":"category","embeddable":true,"href":"https:\/\/santpedor.net\/radio\/wp-json\/wp\/v2\/categories?post=9790"},{"taxonomy":"post_tag","embeddable":true,"href":"https:\/\/santpedor.net\/radio\/wp-json\/wp\/v2\/tags?post=9790"}],"curies":[{"name":"wp","href":"https:\/\/api.w.org\/{rel}","templated":true}]}}