{"id":9801,"date":"2017-03-03T11:33:15","date_gmt":"2017-03-03T10:33:15","guid":{"rendered":"http:\/\/santpedor.net\/radio\/?p=9801"},"modified":"2017-03-03T11:33:15","modified_gmt":"2017-03-03T10:33:15","slug":"latur-augmenta-lleugerament-per-segon-mes-consecutiu-a-santpedor","status":"publish","type":"post","link":"https:\/\/santpedor.net\/radio\/latur-augmenta-lleugerament-per-segon-mes-consecutiu-a-santpedor\/","title":{"rendered":"L&#8217;atur augmenta lleugerament per segon mes consecutiu a Santpedor"},"content":{"rendered":"<p>Despr\u00e9s de la contundent baixada dels \u00faltims mesos de 2016, l\u2019atur recupera lleugerament posicions a Santpedor en aquest 2017. L\u2019increment no \u00e9s molt pronunciat, de l\u20191\u20196%, per\u00f2 s\u00f3n ja dos mesos seguits augmentant. Amb tot, les dades que un mes m\u00e9s ha fet p\u00fabliques l\u2019 Observatori del Treball i el Model Productiu de la Generalitat de Catalunya, indiquen que Santpedor segueix sent dels pobles amb un \u00edndex d\u2019atur m\u00e9s baix de la comarca, amb un 8\u201975% -dades de desembre de 2016- d\u2019atur registral (% d\u2019atur en relaci\u00f3 a la poblaci\u00f3 activa estimada).<\/p>\n<p>Al conjunt del Bages l\u2019atur tamb\u00e9 augmenta, un 0\u20198%. Una tend\u00e8ncia que contrasta amb el conjunt de Catalunya, on l\u2019atur ha baixat un lleuger 0\u20193%.<\/p>\n","protected":false},"excerpt":{"rendered":"<p>Despr\u00e9s de la contundent baixada dels \u00faltims mesos de 2016, l\u2019atur recupera lleugerament posicions a Santpedor en aquest 2017. L\u2019increment no \u00e9s molt pronunciat, de l\u20191\u20196%, per\u00f2 s\u00f3n ja dos mesos seguits augmentant. Amb tot, les dades que un mes m\u00e9s ha fet p\u00fabliques l\u2019 Observatori del Treball i el Model Productiu de la Generalitat [&hellip;]<\/p>\n","protected":false},"author":6,"featured_media":9802,"comment_status":"open","ping_status":"closed","sticky":false,"template":"","format":"standard","meta":{"footnotes":""},"categories":[3,136],"tags":[45,17,184,465,650,113],"class_list":{"0":"post-9801","1":"post","2":"type-post","3":"status-publish","4":"format-standard","5":"has-post-thumbnail","7":"category-noticies","8":"category-politica-i-economia","9":"tag-atur","10":"tag-bages","11":"tag-catalunya","12":"tag-desocupacio","13":"tag-generalitat-de-catalunya","14":"tag-santpedor"},"_links":{"self":[{"href":"https:\/\/santpedor.net\/radio\/wp-json\/wp\/v2\/posts\/9801","targetHints":{"allow":["GET"]}}],"collection":[{"href":"https:\/\/santpedor.net\/radio\/wp-json\/wp\/v2\/posts"}],"about":[{"href":"https:\/\/santpedor.net\/radio\/wp-json\/wp\/v2\/types\/post"}],"author":[{"embeddable":true,"href":"https:\/\/santpedor.net\/radio\/wp-json\/wp\/v2\/users\/6"}],"replies":[{"embeddable":true,"href":"https:\/\/santpedor.net\/radio\/wp-json\/wp\/v2\/comments?post=9801"}],"version-history":[{"count":0,"href":"https:\/\/santpedor.net\/radio\/wp-json\/wp\/v2\/posts\/9801\/revisions"}],"wp:featuredmedia":[{"embeddable":true,"href":"https:\/\/santpedor.net\/radio\/wp-json\/wp\/v2\/media\/9802"}],"wp:attachment":[{"href":"https:\/\/santpedor.net\/radio\/wp-json\/wp\/v2\/media?parent=9801"}],"wp:term":[{"taxonomy":"category","embeddable":true,"href":"https:\/\/santpedor.net\/radio\/wp-json\/wp\/v2\/categories?post=9801"},{"taxonomy":"post_tag","embeddable":true,"href":"https:\/\/santpedor.net\/radio\/wp-json\/wp\/v2\/tags?post=9801"}],"curies":[{"name":"wp","href":"https:\/\/api.w.org\/{rel}","templated":true}]}}