{"id":9803,"date":"2017-03-03T13:50:24","date_gmt":"2017-03-03T12:50:24","guid":{"rendered":"http:\/\/santpedor.net\/radio\/canvi-de-temps-brusc-aquesta-proxima-nit\/"},"modified":"2017-03-03T20:07:43","modified_gmt":"2017-03-03T19:07:43","slug":"canvi-de-temps-brusc-aquesta-proxima-nit","status":"publish","type":"post","link":"https:\/\/santpedor.net\/radio\/canvi-de-temps-brusc-aquesta-proxima-nit\/","title":{"rendered":"Canvi de temps brusc aquesta pr\u00f2xima nit"},"content":{"rendered":"<p>Ens hem llevat avui amb n\u00favols baixos i boirines que estan sent for\u00e7a persistents, d\u2019altre banda tenim n\u00favols alts que s\u00f3n s\u00edmptoma d\u2019un potent canvi de temps. La temperatura a primera hora de la tarda es situar\u00e0 entre els 12 i els 14\u00baC a gran part de la comarca. De cara a la nit compte, pels volts de mitjanit i sobretot de matinada els x\u00e0fecs poden caure amb moderada a forta intensitat acompanyats de fortes r\u00e0fegues de vent. La temperatura caur\u00e0 en picat en moments de x\u00e0fec.<\/p>\n<p>Per dem\u00e0 dissabte esperem que a mig mat\u00ed els x\u00e0fecs desapareguin per complet i el sol predomini, amb un ambient for\u00e7a fresc a migdia. El vent de ponent bufar\u00e0 amb ganes bona part de la jornada, afluixant a \u00faltima hora de la tarda. Les nuvolades poden cr\u00e9ixer a mitja tarda, per\u00f2 amb poques possibilitats de pluja.<\/p>\n<p>Diumenge ens llevarem amb un ambient for\u00e7a fred, amb valors pr\u00f2xims als 0\u00baC a primera hora del dia. A mesura que passin les hores la temperatura assolir\u00e0 uns registres m\u00e9s suaus, i les m\u00e0ximes poden situar-se entre els 12 i els 14\u00baC. El cel presentar\u00e0 for\u00e7a nuvolositat per\u00f2 no esperem pluges. Sembla que la Trans\u00e8quia es podr\u00e0 celebrar sense cap tipus d\u2019impediment meteorol\u00f2gic.<\/p>\n<p>Foto: Tempesta nocturna des de Santpedor (juny de 2015) amb l\u2019ermita de Sant Francesc a l\u2019esquerre. Compte aquesta nit, algun x\u00e0fec pot ser fort.<br \/>\nSource: El temps<\/p>\n","protected":false},"excerpt":{"rendered":"<p>Ens hem llevat avui amb n\u00favols baixos i boirines que estan sent for\u00e7a persistents, d\u2019altre banda tenim n\u00favols alts que s\u00f3n s\u00edmptoma d\u2019un potent canvi de temps. La temperatura a primera hora de la tarda es situar\u00e0 entre els 12 i els 14\u00baC a gran part de la comarca. De cara a la nit compte, [&hellip;]<\/p>\n","protected":false},"author":1,"featured_media":9811,"comment_status":"closed","ping_status":"closed","sticky":false,"template":"","format":"standard","meta":{"footnotes":""},"categories":[768],"tags":[113],"class_list":{"0":"post-9803","1":"post","2":"type-post","3":"status-publish","4":"format-standard","5":"has-post-thumbnail","7":"category-el-temps","8":"tag-santpedor"},"_links":{"self":[{"href":"https:\/\/santpedor.net\/radio\/wp-json\/wp\/v2\/posts\/9803","targetHints":{"allow":["GET"]}}],"collection":[{"href":"https:\/\/santpedor.net\/radio\/wp-json\/wp\/v2\/posts"}],"about":[{"href":"https:\/\/santpedor.net\/radio\/wp-json\/wp\/v2\/types\/post"}],"author":[{"embeddable":true,"href":"https:\/\/santpedor.net\/radio\/wp-json\/wp\/v2\/users\/1"}],"replies":[{"embeddable":true,"href":"https:\/\/santpedor.net\/radio\/wp-json\/wp\/v2\/comments?post=9803"}],"version-history":[{"count":0,"href":"https:\/\/santpedor.net\/radio\/wp-json\/wp\/v2\/posts\/9803\/revisions"}],"wp:featuredmedia":[{"embeddable":true,"href":"https:\/\/santpedor.net\/radio\/wp-json\/wp\/v2\/media\/9811"}],"wp:attachment":[{"href":"https:\/\/santpedor.net\/radio\/wp-json\/wp\/v2\/media?parent=9803"}],"wp:term":[{"taxonomy":"category","embeddable":true,"href":"https:\/\/santpedor.net\/radio\/wp-json\/wp\/v2\/categories?post=9803"},{"taxonomy":"post_tag","embeddable":true,"href":"https:\/\/santpedor.net\/radio\/wp-json\/wp\/v2\/tags?post=9803"}],"curies":[{"name":"wp","href":"https:\/\/api.w.org\/{rel}","templated":true}]}}