{"id":9817,"date":"2017-03-06T12:06:56","date_gmt":"2017-03-06T11:06:56","guid":{"rendered":"http:\/\/santpedor.net\/radio\/vent-de-ponent-i-temperatures-mes-altes\/"},"modified":"2017-03-06T12:06:56","modified_gmt":"2017-03-06T11:06:56","slug":"vent-de-ponent-i-temperatures-mes-altes","status":"publish","type":"post","link":"https:\/\/santpedor.net\/radio\/vent-de-ponent-i-temperatures-mes-altes\/","title":{"rendered":"Vent de ponent i temperatures m\u00e9s altes"},"content":{"rendered":"<div><img loading=\"lazy\" decoding=\"async\" width=\"770\" height=\"562\" src=\"http:\/\/santpedor.net\/radio\/wp-content\/uploads\/2017\/03\/IMG_20170305_185756_resized_20170305_065811424-1024x747.jpg\" class=\"attachment-large size-large wp-post-image\" alt=\"\" style=\"margin-bottom: 15px\" \/><\/div>\n<p>Despr\u00e9s del brusc canvi de temps de dissabte a la matinada que va deixar pluges de 15 a 20mm a molts punts de la comarca i una baixada dr\u00e0stica en els term\u00f2metres (amb algunes gla\u00e7ades d\u00e8bils i fins i tot neu a Montserrat i al Montcau) encetem una nova situaci\u00f3.<\/p>\n<p>Per avui esperem que el vent de ponent que ha comen\u00e7at a bufar a \u00faltima hora del mat\u00ed es reforci aquesta tarda, amb algunes ventades de 50 a 70km\/h, compte. L\u2019ambient ser\u00e0 en conjunt assolellat per\u00f2 amb alguns n\u00favols que viatjaran a tota velocitat. Les temperatures m\u00e0ximes es dispararan assolint els 17 a 19\u00baC a molts punts. De cara a dem\u00e0 dimarts el vent anir\u00e0 clarament a la baixa amb unes temperatures matinals semblants a les d\u2019avui i les m\u00e0ximes entre 2 i 3\u00baC m\u00e9s baixes. El cel es mantindr\u00e0 amb alguns n\u00favols de tipus alt per\u00f2 en conjunt amb for\u00e7a sol.<\/p>\n<p>Les temperatures a partir de dimecres pujaran clarament superant els 20\u00baC a tota la comarca, tan dimecres com dijous. Per divendres algunes temperatures poden arribar als 23-24\u00baC. Temperatures primaverals. No pas a primera hora del mat\u00ed ja que continuaran sent fredes, per\u00f2 entre dijous i divendres tamb\u00e9 pujaran clarament en hores matinals.<\/p>\n<p>Foto: n\u00favols de tipus alt i mitgenc ahir des del Serrat de Castellnou.<\/p>\n<p>&#013;<br \/>\nSource: El temps<\/p>\n","protected":false},"excerpt":{"rendered":"<p>Despr\u00e9s del brusc canvi de temps de dissabte a la matinada que va deixar pluges de 15 a 20mm a molts punts de la comarca i una baixada dr\u00e0stica en els term\u00f2metres (amb algunes gla\u00e7ades d\u00e8bils i fins i tot neu a Montserrat i al Montcau) encetem una nova situaci\u00f3. Per avui esperem que el [&hellip;]<\/p>\n","protected":false},"author":1,"featured_media":9818,"comment_status":"false","ping_status":"closed","sticky":false,"template":"","format":"standard","meta":{"footnotes":""},"categories":[768],"tags":[113],"class_list":{"0":"post-9817","1":"post","2":"type-post","3":"status-publish","4":"format-standard","5":"has-post-thumbnail","7":"category-el-temps","8":"tag-santpedor"},"_links":{"self":[{"href":"https:\/\/santpedor.net\/radio\/wp-json\/wp\/v2\/posts\/9817","targetHints":{"allow":["GET"]}}],"collection":[{"href":"https:\/\/santpedor.net\/radio\/wp-json\/wp\/v2\/posts"}],"about":[{"href":"https:\/\/santpedor.net\/radio\/wp-json\/wp\/v2\/types\/post"}],"author":[{"embeddable":true,"href":"https:\/\/santpedor.net\/radio\/wp-json\/wp\/v2\/users\/1"}],"replies":[{"embeddable":true,"href":"https:\/\/santpedor.net\/radio\/wp-json\/wp\/v2\/comments?post=9817"}],"version-history":[{"count":0,"href":"https:\/\/santpedor.net\/radio\/wp-json\/wp\/v2\/posts\/9817\/revisions"}],"wp:featuredmedia":[{"embeddable":true,"href":"https:\/\/santpedor.net\/radio\/wp-json\/wp\/v2\/media\/9818"}],"wp:attachment":[{"href":"https:\/\/santpedor.net\/radio\/wp-json\/wp\/v2\/media?parent=9817"}],"wp:term":[{"taxonomy":"category","embeddable":true,"href":"https:\/\/santpedor.net\/radio\/wp-json\/wp\/v2\/categories?post=9817"},{"taxonomy":"post_tag","embeddable":true,"href":"https:\/\/santpedor.net\/radio\/wp-json\/wp\/v2\/tags?post=9817"}],"curies":[{"name":"wp","href":"https:\/\/api.w.org\/{rel}","templated":true}]}}