{"id":9819,"date":"2017-03-06T20:55:02","date_gmt":"2017-03-06T19:55:02","guid":{"rendered":"http:\/\/santpedor.net\/radio\/?p=9819"},"modified":"2017-03-06T21:08:05","modified_gmt":"2017-03-06T20:08:05","slug":"milers-de-bagencs-sostenen-la-33a-transequia","status":"publish","type":"post","link":"https:\/\/santpedor.net\/radio\/milers-de-bagencs-sostenen-la-33a-transequia\/","title":{"rendered":"Milers de bagencs sostenen la 33a Trans\u00e8quia"},"content":{"rendered":"<p>M\u00e9s de 5.000 bagencs van participar de la festa esportiva m\u00e9s sostenible i familiar dels \u00faltims anys: la 33a Trans\u00e8quia. La previsi\u00f3 meteorol\u00f2gica feia patir els impulsors d&#8217;aquesta caminada popular que se celebra des del 1985, per\u00f2 al final el temps es va aguantar i el sol va acompanyar els participants al llarg de la jornada \u2013tot i el fred de primera hora del mat\u00ed\u2013. La modalitat m\u00e9s concorreguda, com cada any, va ser la caminada que va comptar amb 3.436 participants. La majoria la van fer completa, des de Balsareny, per\u00f2 tamb\u00e9 alguns van optar per iniciar-la des de Sallent o Santpedor. 1.014 persones la van fer en bicicleta i hi va haver 159 corredors, xifres que superen en escreix les de l\u2019any passat. &#8220;L&#8217;any passat la Trans\u00e8quia va coincidir amb la Marat\u00f3 de Barcelona, i \u00e9s per aix\u00f2 que aquest any ha augmentat el nombre de la gent que l&#8217;ha fet corrent&#8221;, va assegurar Laia Muns, coordinadora de la Trans\u00e8quia i membre de la Fundaci\u00f3 Aig\u00fces de Manresa-Junta de la S\u00e8quia, empresa que des del 2014 organitza aquesta activitat.<\/p>\n<p><iframe loading=\"lazy\" src=\"https:\/\/www.youtube.com\/embed\/EtqhyT9J4LA?list=PL_vKvy2xQcgzLzpTBc2j4Rp9UGXXWLFki\" width=\"560\" height=\"315\" frameborder=\"0\" allowfullscreen=\"allowfullscreen\"><\/iframe><\/p>\n<p><strong>L\u2019Agulla i la MiniTrans\u00e8quia, una festa<\/strong><\/p>\n<p>El Parc de l&#8217;Agulla de Manresa va ser una festa des de primera hora del mat\u00ed. Encara que no havien arribat ni corredors, ni caminants ni ciclistes, a l&#8217;escenari que presidia l&#8217;arribada de la prova ja s&#8217;hi duien a terme actuacions i parlaments. A m\u00e9s, tamb\u00e9 es van oferir, per segon any consecutiu, activitats per els m\u00e9s menuts en l\u2019anomenada MiniTrans\u00e8quia, que t\u00e9 com a objectiu fer-ho passar b\u00e9 a els infants que esperen que les seves fam\u00edlies arribin de fer el recorregut de la S\u00e8quia amb tots d\u2019activitats i jocs de diferents entitats. &#8220;La nostra intenci\u00f3 \u00e9s que el dia de la Trans\u00e8quia, el Parc de l&#8217;Agulla sigui una festa, tant pels que hi participen com pels que no&#8221;, va expressar Laia Muns.<\/p>\n<p><strong>La trans\u00e8quia m\u00e9s sostenible<\/strong><\/p>\n<p>Des de fa tres anys, que \u00e9s quan la Fundaci\u00f3 Aig\u00fces de Manresa-Junta de la S\u00e8quia va agafar el tim\u00f3 de l&#8217;organitzaci\u00f3 de la Trans\u00e8quia, que el Consorci del Bages per a la Gesti\u00f3 de Residus hi col\u00b7labora activament. I ho fa amb la responsabilitat de recollir tots els residus que es generen durant el recorregut, sobretot en els avituallaments. &#8220;La Trans\u00e8quia genera, cada any, una tona de residus i gr\u00e0cies al Consorci, el 95% d&#8217;aquests residus es reciclen&#8221;, va explicar Muns. Aquesta m\u00e0xima tamb\u00e9 l&#8217;ha sostingut Ricard Jorba, gerent del Consorci del Bages per a la Gesti\u00f3 de Residus, que va explicar que una de les novetats d&#8217;aquest any \u00e9s que &#8220;tots els gots d&#8217;aigua o de refrescos que s&#8217;han donat als participants eren compostables, per a fer m\u00e9s f\u00e0cil el reciclatge&#8221;. Una altra de les innovacions que s&#8217;han fet en aquesta trenta-tresena edici\u00f3 de la Trans\u00e8quia va ser la de donar aigua de l&#8217;aixeta als participants. &#8220;Com a Fundaci\u00f3 Aig\u00fces de Manresa-Junta de la S\u00e8quia vam decidir que els avituallaments repartirien aigua de l&#8217;aixeta i tamb\u00e9 hem instal\u00b7lat fonts per a l&#8217;ocasi\u00f3 per a subministrar aquesta aigua&#8221;, va recalcar Muns.<\/p>\n<p><strong>M\u00e9s voluntaris que mai<\/strong><\/p>\n<p>Des de les 6 del mat\u00ed, m\u00e9s de 300 voluntaris van fer possible l\u2019organitzaci\u00f3 i realitzaci\u00f3 de la que \u00e9s una de les proves m\u00e9s marcades al calendari de tots els bagencs, que comptava amb dotze avituallaments entre Balsareny i el Parc de l\u2019Agulla. Persones i entitats dels diferents municipis pels quals passa la S\u00e8quia (Sallent, Santpedor i Sant Fruit\u00f3s) es van involucrar en fer possible aquesta diada. &#8220;Tothom ens ha volgut ajudar molt, des d&#8217;entitats fins a persones a nivell personal. Sense ells no seria possible\u201d, assegurava Josep Alabern, gerent d\u2019Aig\u00fces de Manresa.<\/p>\n<div id='gallery-1' class='gallery galleryid-9819 gallery-columns-4 gallery-size-medium'><figure class='gallery-item'>\n\t\t\t<div class='gallery-icon landscape'>\n\t\t\t\t<a href='https:\/\/santpedor.net\/radio\/milers-de-bagencs-sostenen-la-33a-transequia\/dsc_0022-2\/'><img loading=\"lazy\" decoding=\"async\" width=\"300\" height=\"200\" src=\"https:\/\/santpedor.net\/radio\/wp-content\/uploads\/2017\/03\/DSC_0022-1-300x200.jpg\" class=\"attachment-medium size-medium\" alt=\"\" srcset=\"https:\/\/santpedor.net\/radio\/wp-content\/uploads\/2017\/03\/DSC_0022-1-300x200.jpg 300w, https:\/\/santpedor.net\/radio\/wp-content\/uploads\/2017\/03\/DSC_0022-1-768x512.jpg 768w, https:\/\/santpedor.net\/radio\/wp-content\/uploads\/2017\/03\/DSC_0022-1.jpg 1024w, https:\/\/santpedor.net\/radio\/wp-content\/uploads\/2017\/03\/DSC_0022-1-696x464.jpg 696w, https:\/\/santpedor.net\/radio\/wp-content\/uploads\/2017\/03\/DSC_0022-1-1068x713.jpg 1068w, https:\/\/santpedor.net\/radio\/wp-content\/uploads\/2017\/03\/DSC_0022-1-629x420.jpg 629w\" sizes=\"auto, (max-width: 300px) 100vw, 300px\" \/><\/a>\n\t\t\t<\/div><\/figure><figure class='gallery-item'>\n\t\t\t<div class='gallery-icon landscape'>\n\t\t\t\t<a href='https:\/\/santpedor.net\/radio\/milers-de-bagencs-sostenen-la-33a-transequia\/dsc_0027\/'><img loading=\"lazy\" decoding=\"async\" width=\"300\" height=\"200\" src=\"https:\/\/santpedor.net\/radio\/wp-content\/uploads\/2017\/03\/DSC_0027-300x200.jpg\" class=\"attachment-medium size-medium\" alt=\"\" srcset=\"https:\/\/santpedor.net\/radio\/wp-content\/uploads\/2017\/03\/DSC_0027-300x200.jpg 300w, https:\/\/santpedor.net\/radio\/wp-content\/uploads\/2017\/03\/DSC_0027-768x512.jpg 768w, https:\/\/santpedor.net\/radio\/wp-content\/uploads\/2017\/03\/DSC_0027.jpg 1024w, https:\/\/santpedor.net\/radio\/wp-content\/uploads\/2017\/03\/DSC_0027-696x464.jpg 696w, https:\/\/santpedor.net\/radio\/wp-content\/uploads\/2017\/03\/DSC_0027-1068x713.jpg 1068w, https:\/\/santpedor.net\/radio\/wp-content\/uploads\/2017\/03\/DSC_0027-629x420.jpg 629w\" sizes=\"auto, (max-width: 300px) 100vw, 300px\" \/><\/a>\n\t\t\t<\/div><\/figure><figure class='gallery-item'>\n\t\t\t<div class='gallery-icon landscape'>\n\t\t\t\t<a href='https:\/\/santpedor.net\/radio\/milers-de-bagencs-sostenen-la-33a-transequia\/dsc_0034\/'><img loading=\"lazy\" decoding=\"async\" width=\"300\" height=\"200\" src=\"https:\/\/santpedor.net\/radio\/wp-content\/uploads\/2017\/03\/DSC_0034-300x200.jpg\" class=\"attachment-medium size-medium\" alt=\"\" srcset=\"https:\/\/santpedor.net\/radio\/wp-content\/uploads\/2017\/03\/DSC_0034-300x200.jpg 300w, https:\/\/santpedor.net\/radio\/wp-content\/uploads\/2017\/03\/DSC_0034-768x512.jpg 768w, https:\/\/santpedor.net\/radio\/wp-content\/uploads\/2017\/03\/DSC_0034.jpg 1024w, https:\/\/santpedor.net\/radio\/wp-content\/uploads\/2017\/03\/DSC_0034-696x464.jpg 696w, https:\/\/santpedor.net\/radio\/wp-content\/uploads\/2017\/03\/DSC_0034-1068x713.jpg 1068w, https:\/\/santpedor.net\/radio\/wp-content\/uploads\/2017\/03\/DSC_0034-629x420.jpg 629w\" sizes=\"auto, (max-width: 300px) 100vw, 300px\" \/><\/a>\n\t\t\t<\/div><\/figure><figure class='gallery-item'>\n\t\t\t<div class='gallery-icon landscape'>\n\t\t\t\t<a href='https:\/\/santpedor.net\/radio\/milers-de-bagencs-sostenen-la-33a-transequia\/dsc_0035\/'><img loading=\"lazy\" decoding=\"async\" width=\"300\" height=\"200\" src=\"https:\/\/santpedor.net\/radio\/wp-content\/uploads\/2017\/03\/DSC_0035-300x200.jpg\" class=\"attachment-medium size-medium\" alt=\"\" srcset=\"https:\/\/santpedor.net\/radio\/wp-content\/uploads\/2017\/03\/DSC_0035-300x200.jpg 300w, https:\/\/santpedor.net\/radio\/wp-content\/uploads\/2017\/03\/DSC_0035-768x512.jpg 768w, https:\/\/santpedor.net\/radio\/wp-content\/uploads\/2017\/03\/DSC_0035.jpg 1024w, https:\/\/santpedor.net\/radio\/wp-content\/uploads\/2017\/03\/DSC_0035-696x464.jpg 696w, https:\/\/santpedor.net\/radio\/wp-content\/uploads\/2017\/03\/DSC_0035-1068x713.jpg 1068w, https:\/\/santpedor.net\/radio\/wp-content\/uploads\/2017\/03\/DSC_0035-629x420.jpg 629w\" sizes=\"auto, (max-width: 300px) 100vw, 300px\" \/><\/a>\n\t\t\t<\/div><\/figure><figure class='gallery-item'>\n\t\t\t<div class='gallery-icon landscape'>\n\t\t\t\t<a href='https:\/\/santpedor.net\/radio\/milers-de-bagencs-sostenen-la-33a-transequia\/dsc_0043\/'><img loading=\"lazy\" decoding=\"async\" width=\"300\" height=\"200\" src=\"https:\/\/santpedor.net\/radio\/wp-content\/uploads\/2017\/03\/DSC_0043-300x200.jpg\" class=\"attachment-medium size-medium\" alt=\"\" srcset=\"https:\/\/santpedor.net\/radio\/wp-content\/uploads\/2017\/03\/DSC_0043-300x200.jpg 300w, https:\/\/santpedor.net\/radio\/wp-content\/uploads\/2017\/03\/DSC_0043-768x512.jpg 768w, https:\/\/santpedor.net\/radio\/wp-content\/uploads\/2017\/03\/DSC_0043.jpg 1024w, https:\/\/santpedor.net\/radio\/wp-content\/uploads\/2017\/03\/DSC_0043-696x464.jpg 696w, https:\/\/santpedor.net\/radio\/wp-content\/uploads\/2017\/03\/DSC_0043-1068x713.jpg 1068w, https:\/\/santpedor.net\/radio\/wp-content\/uploads\/2017\/03\/DSC_0043-629x420.jpg 629w\" sizes=\"auto, (max-width: 300px) 100vw, 300px\" \/><\/a>\n\t\t\t<\/div><\/figure><figure class='gallery-item'>\n\t\t\t<div class='gallery-icon landscape'>\n\t\t\t\t<a href='https:\/\/santpedor.net\/radio\/milers-de-bagencs-sostenen-la-33a-transequia\/dsc_0045\/'><img loading=\"lazy\" decoding=\"async\" width=\"300\" height=\"200\" src=\"https:\/\/santpedor.net\/radio\/wp-content\/uploads\/2017\/03\/DSC_0045-300x200.jpg\" class=\"attachment-medium size-medium\" alt=\"\" srcset=\"https:\/\/santpedor.net\/radio\/wp-content\/uploads\/2017\/03\/DSC_0045-300x200.jpg 300w, https:\/\/santpedor.net\/radio\/wp-content\/uploads\/2017\/03\/DSC_0045-768x512.jpg 768w, https:\/\/santpedor.net\/radio\/wp-content\/uploads\/2017\/03\/DSC_0045.jpg 1024w, https:\/\/santpedor.net\/radio\/wp-content\/uploads\/2017\/03\/DSC_0045-696x464.jpg 696w, https:\/\/santpedor.net\/radio\/wp-content\/uploads\/2017\/03\/DSC_0045-1068x713.jpg 1068w, https:\/\/santpedor.net\/radio\/wp-content\/uploads\/2017\/03\/DSC_0045-629x420.jpg 629w\" sizes=\"auto, (max-width: 300px) 100vw, 300px\" \/><\/a>\n\t\t\t<\/div><\/figure><figure class='gallery-item'>\n\t\t\t<div class='gallery-icon landscape'>\n\t\t\t\t<a href='https:\/\/santpedor.net\/radio\/milers-de-bagencs-sostenen-la-33a-transequia\/dsc_0057\/'><img loading=\"lazy\" decoding=\"async\" width=\"300\" height=\"200\" src=\"https:\/\/santpedor.net\/radio\/wp-content\/uploads\/2017\/03\/DSC_0057-300x200.jpg\" class=\"attachment-medium size-medium\" alt=\"\" srcset=\"https:\/\/santpedor.net\/radio\/wp-content\/uploads\/2017\/03\/DSC_0057-300x200.jpg 300w, https:\/\/santpedor.net\/radio\/wp-content\/uploads\/2017\/03\/DSC_0057-768x512.jpg 768w, https:\/\/santpedor.net\/radio\/wp-content\/uploads\/2017\/03\/DSC_0057.jpg 1024w, https:\/\/santpedor.net\/radio\/wp-content\/uploads\/2017\/03\/DSC_0057-696x464.jpg 696w, https:\/\/santpedor.net\/radio\/wp-content\/uploads\/2017\/03\/DSC_0057-1068x713.jpg 1068w, https:\/\/santpedor.net\/radio\/wp-content\/uploads\/2017\/03\/DSC_0057-629x420.jpg 629w\" sizes=\"auto, (max-width: 300px) 100vw, 300px\" \/><\/a>\n\t\t\t<\/div><\/figure><figure class='gallery-item'>\n\t\t\t<div class='gallery-icon landscape'>\n\t\t\t\t<a href='https:\/\/santpedor.net\/radio\/milers-de-bagencs-sostenen-la-33a-transequia\/dsc_0059\/'><img loading=\"lazy\" decoding=\"async\" width=\"300\" height=\"200\" src=\"https:\/\/santpedor.net\/radio\/wp-content\/uploads\/2017\/03\/DSC_0059-300x200.jpg\" class=\"attachment-medium size-medium\" alt=\"\" srcset=\"https:\/\/santpedor.net\/radio\/wp-content\/uploads\/2017\/03\/DSC_0059-300x200.jpg 300w, https:\/\/santpedor.net\/radio\/wp-content\/uploads\/2017\/03\/DSC_0059-768x512.jpg 768w, https:\/\/santpedor.net\/radio\/wp-content\/uploads\/2017\/03\/DSC_0059.jpg 1024w, https:\/\/santpedor.net\/radio\/wp-content\/uploads\/2017\/03\/DSC_0059-696x464.jpg 696w, https:\/\/santpedor.net\/radio\/wp-content\/uploads\/2017\/03\/DSC_0059-1068x713.jpg 1068w, https:\/\/santpedor.net\/radio\/wp-content\/uploads\/2017\/03\/DSC_0059-629x420.jpg 629w\" sizes=\"auto, (max-width: 300px) 100vw, 300px\" \/><\/a>\n\t\t\t<\/div><\/figure><figure class='gallery-item'>\n\t\t\t<div class='gallery-icon landscape'>\n\t\t\t\t<a href='https:\/\/santpedor.net\/radio\/milers-de-bagencs-sostenen-la-33a-transequia\/dsc_0067\/'><img loading=\"lazy\" decoding=\"async\" width=\"300\" height=\"200\" src=\"https:\/\/santpedor.net\/radio\/wp-content\/uploads\/2017\/03\/DSC_0067-300x200.jpg\" class=\"attachment-medium size-medium\" alt=\"\" srcset=\"https:\/\/santpedor.net\/radio\/wp-content\/uploads\/2017\/03\/DSC_0067-300x200.jpg 300w, https:\/\/santpedor.net\/radio\/wp-content\/uploads\/2017\/03\/DSC_0067-768x512.jpg 768w, https:\/\/santpedor.net\/radio\/wp-content\/uploads\/2017\/03\/DSC_0067.jpg 1024w, https:\/\/santpedor.net\/radio\/wp-content\/uploads\/2017\/03\/DSC_0067-696x464.jpg 696w, https:\/\/santpedor.net\/radio\/wp-content\/uploads\/2017\/03\/DSC_0067-1068x713.jpg 1068w, https:\/\/santpedor.net\/radio\/wp-content\/uploads\/2017\/03\/DSC_0067-629x420.jpg 629w\" sizes=\"auto, (max-width: 300px) 100vw, 300px\" \/><\/a>\n\t\t\t<\/div><\/figure><figure class='gallery-item'>\n\t\t\t<div class='gallery-icon landscape'>\n\t\t\t\t<a href='https:\/\/santpedor.net\/radio\/milers-de-bagencs-sostenen-la-33a-transequia\/dsc_0068\/'><img loading=\"lazy\" decoding=\"async\" width=\"300\" height=\"200\" src=\"https:\/\/santpedor.net\/radio\/wp-content\/uploads\/2017\/03\/DSC_0068-300x200.jpg\" class=\"attachment-medium size-medium\" alt=\"\" srcset=\"https:\/\/santpedor.net\/radio\/wp-content\/uploads\/2017\/03\/DSC_0068-300x200.jpg 300w, https:\/\/santpedor.net\/radio\/wp-content\/uploads\/2017\/03\/DSC_0068-768x512.jpg 768w, https:\/\/santpedor.net\/radio\/wp-content\/uploads\/2017\/03\/DSC_0068.jpg 1024w, https:\/\/santpedor.net\/radio\/wp-content\/uploads\/2017\/03\/DSC_0068-696x464.jpg 696w, https:\/\/santpedor.net\/radio\/wp-content\/uploads\/2017\/03\/DSC_0068-1068x713.jpg 1068w, https:\/\/santpedor.net\/radio\/wp-content\/uploads\/2017\/03\/DSC_0068-629x420.jpg 629w\" sizes=\"auto, (max-width: 300px) 100vw, 300px\" \/><\/a>\n\t\t\t<\/div><\/figure><figure class='gallery-item'>\n\t\t\t<div class='gallery-icon landscape'>\n\t\t\t\t<a href='https:\/\/santpedor.net\/radio\/milers-de-bagencs-sostenen-la-33a-transequia\/dsc_0075\/'><img loading=\"lazy\" decoding=\"async\" width=\"300\" height=\"200\" src=\"https:\/\/santpedor.net\/radio\/wp-content\/uploads\/2017\/03\/DSC_0075-300x200.jpg\" class=\"attachment-medium size-medium\" alt=\"\" srcset=\"https:\/\/santpedor.net\/radio\/wp-content\/uploads\/2017\/03\/DSC_0075-300x200.jpg 300w, https:\/\/santpedor.net\/radio\/wp-content\/uploads\/2017\/03\/DSC_0075-768x512.jpg 768w, https:\/\/santpedor.net\/radio\/wp-content\/uploads\/2017\/03\/DSC_0075.jpg 1024w, https:\/\/santpedor.net\/radio\/wp-content\/uploads\/2017\/03\/DSC_0075-696x464.jpg 696w, https:\/\/santpedor.net\/radio\/wp-content\/uploads\/2017\/03\/DSC_0075-1068x713.jpg 1068w, https:\/\/santpedor.net\/radio\/wp-content\/uploads\/2017\/03\/DSC_0075-629x420.jpg 629w\" sizes=\"auto, (max-width: 300px) 100vw, 300px\" \/><\/a>\n\t\t\t<\/div><\/figure><figure class='gallery-item'>\n\t\t\t<div class='gallery-icon landscape'>\n\t\t\t\t<a href='https:\/\/santpedor.net\/radio\/milers-de-bagencs-sostenen-la-33a-transequia\/dsc_0093\/'><img loading=\"lazy\" decoding=\"async\" width=\"300\" height=\"200\" src=\"https:\/\/santpedor.net\/radio\/wp-content\/uploads\/2017\/03\/DSC_0093-300x200.jpg\" class=\"attachment-medium size-medium\" alt=\"\" srcset=\"https:\/\/santpedor.net\/radio\/wp-content\/uploads\/2017\/03\/DSC_0093-300x200.jpg 300w, https:\/\/santpedor.net\/radio\/wp-content\/uploads\/2017\/03\/DSC_0093-768x512.jpg 768w, https:\/\/santpedor.net\/radio\/wp-content\/uploads\/2017\/03\/DSC_0093.jpg 1024w, https:\/\/santpedor.net\/radio\/wp-content\/uploads\/2017\/03\/DSC_0093-696x464.jpg 696w, https:\/\/santpedor.net\/radio\/wp-content\/uploads\/2017\/03\/DSC_0093-1068x713.jpg 1068w, https:\/\/santpedor.net\/radio\/wp-content\/uploads\/2017\/03\/DSC_0093-629x420.jpg 629w\" sizes=\"auto, (max-width: 300px) 100vw, 300px\" \/><\/a>\n\t\t\t<\/div><\/figure><figure class='gallery-item'>\n\t\t\t<div class='gallery-icon landscape'>\n\t\t\t\t<a href='https:\/\/santpedor.net\/radio\/milers-de-bagencs-sostenen-la-33a-transequia\/dsc_0101\/'><img loading=\"lazy\" decoding=\"async\" width=\"300\" height=\"200\" src=\"https:\/\/santpedor.net\/radio\/wp-content\/uploads\/2017\/03\/DSC_0101-300x200.jpg\" class=\"attachment-medium size-medium\" alt=\"\" srcset=\"https:\/\/santpedor.net\/radio\/wp-content\/uploads\/2017\/03\/DSC_0101-300x200.jpg 300w, https:\/\/santpedor.net\/radio\/wp-content\/uploads\/2017\/03\/DSC_0101-768x512.jpg 768w, https:\/\/santpedor.net\/radio\/wp-content\/uploads\/2017\/03\/DSC_0101.jpg 1024w, https:\/\/santpedor.net\/radio\/wp-content\/uploads\/2017\/03\/DSC_0101-696x464.jpg 696w, https:\/\/santpedor.net\/radio\/wp-content\/uploads\/2017\/03\/DSC_0101-1068x713.jpg 1068w, https:\/\/santpedor.net\/radio\/wp-content\/uploads\/2017\/03\/DSC_0101-629x420.jpg 629w\" sizes=\"auto, (max-width: 300px) 100vw, 300px\" \/><\/a>\n\t\t\t<\/div><\/figure>\n\t\t<\/div>\n\n","protected":false},"excerpt":{"rendered":"<p>M\u00e9s de 5.000 bagencs van participar de la festa esportiva m\u00e9s sostenible i familiar dels \u00faltims anys: la 33a Trans\u00e8quia. La previsi\u00f3 meteorol\u00f2gica feia patir els impulsors d&#8217;aquesta caminada popular que se celebra des del 1985, per\u00f2 al final el temps es va aguantar i el sol va acompanyar els participants al llarg de la [&hellip;]<\/p>\n","protected":false},"author":6,"featured_media":9820,"comment_status":"open","ping_status":"closed","sticky":false,"template":"","format":"standard","meta":{"footnotes":""},"categories":[225,3],"tags":[740,774,773,27,602,113,11],"class_list":{"0":"post-9819","1":"post","2":"type-post","3":"status-publish","4":"format-standard","5":"has-post-thumbnail","7":"category-esports","8":"category-noticies","9":"tag-bici","10":"tag-caminar","11":"tag-correr","12":"tag-sallent","13":"tag-sant-fruitos","14":"tag-santpedor","15":"tag-transequia"},"_links":{"self":[{"href":"https:\/\/santpedor.net\/radio\/wp-json\/wp\/v2\/posts\/9819","targetHints":{"allow":["GET"]}}],"collection":[{"href":"https:\/\/santpedor.net\/radio\/wp-json\/wp\/v2\/posts"}],"about":[{"href":"https:\/\/santpedor.net\/radio\/wp-json\/wp\/v2\/types\/post"}],"author":[{"embeddable":true,"href":"https:\/\/santpedor.net\/radio\/wp-json\/wp\/v2\/users\/6"}],"replies":[{"embeddable":true,"href":"https:\/\/santpedor.net\/radio\/wp-json\/wp\/v2\/comments?post=9819"}],"version-history":[{"count":0,"href":"https:\/\/santpedor.net\/radio\/wp-json\/wp\/v2\/posts\/9819\/revisions"}],"wp:featuredmedia":[{"embeddable":true,"href":"https:\/\/santpedor.net\/radio\/wp-json\/wp\/v2\/media\/9820"}],"wp:attachment":[{"href":"https:\/\/santpedor.net\/radio\/wp-json\/wp\/v2\/media?parent=9819"}],"wp:term":[{"taxonomy":"category","embeddable":true,"href":"https:\/\/santpedor.net\/radio\/wp-json\/wp\/v2\/categories?post=9819"},{"taxonomy":"post_tag","embeddable":true,"href":"https:\/\/santpedor.net\/radio\/wp-json\/wp\/v2\/tags?post=9819"}],"curies":[{"name":"wp","href":"https:\/\/api.w.org\/{rel}","templated":true}]}}