{"id":9839,"date":"2017-03-07T14:42:12","date_gmt":"2017-03-07T13:42:12","guid":{"rendered":"http:\/\/santpedor.net\/radio\/?p=9839"},"modified":"2017-03-07T14:42:42","modified_gmt":"2017-03-07T13:42:42","slug":"carme-batista-amb-la-crisi-hem-fet-tambe-un-pas-enrere-en-la-lluita-contra-la-discriminacio-de-la-dona","status":"publish","type":"post","link":"https:\/\/santpedor.net\/radio\/carme-batista-amb-la-crisi-hem-fet-tambe-un-pas-enrere-en-la-lluita-contra-la-discriminacio-de-la-dona\/","title":{"rendered":"Carme Batista: &#8220;amb la crisi hem fet tamb\u00e9 un pas enrere en la lluita contra la discriminaci\u00f3 de la dona&#8221;"},"content":{"rendered":"<p>El 8 de mar\u00e7 \u00e9s el Dia Internacional de la Dona. Per parlar sobre la situaci\u00f3 actual de discriminaci\u00f3 de la dona a la nostra societat, les responsabilitats dels agents implicats i la tasca del SIAD (Servei d&#8217;Atenci\u00f3 i Informaci\u00f3 a les Dones), hem parlat amb la regidora de la Dona a Manresa, Cristina Cruz, la coordinadora del SIAD, Laura Castany, i la tamb\u00e9 t\u00e8cnica del SIAD, Carme Batista.<\/p>\n<p>Batista, amb prop de 20 anys de traject\u00f2ria al SIAD, afirma que &#8220;amb la crisi hem fet un pas enrere en la lluita contra la discriminaci\u00f3 de la dona, es nota un retroc\u00e9s, en perdre la feina la dona \u00e9s la primera que torna a fer les tasques de casa, a cuidar la gent gran, i fins i tot s&#8217;ha notat una certa relaxaci\u00f3 en l&#8217;administraci\u00f3 p\u00fablica&#8221;.<\/p>\n<p>Pel qu\u00e8 fa a les lleis de paritat, les quotes de g\u00e8nere i departaments d&#8217;igualtat i de la dona a les administracions, Cristina Cruz subratlla que s\u00f3n &#8220;indispensables&#8221; perqu\u00e8 &#8220;tot i que hauria de ser meritocr\u00e0tic, no es parteix del mateix punt de partida&#8221;.<\/p>\n<p>Laura Castany, per la seva banda, recalca que la lluita contra la discriminaci\u00f3 de la dona cal enfocar-la en gran mesura a l&#8217;educaci\u00f3. &#8220;Es parla molt de coeducaci\u00f3 per\u00f2 no s&#8217;aplica gaire, cal eliminar els estereotips m\u00e9s cl\u00e0ssics que es generen a les escoles entre els nens i les nenes&#8221;, afirma, i afegeix que &#8220;els mestres que abans ensenyaven amb esperit feminista o d&#8217;igualtat es fan grans, i les noves generacions no sembla que tinguin la mateixa empenta&#8221;.<\/p>\n<p>Escolta l&#8217;entrevista sencera la regidora de la Dona a Manresa, Cristina Cruz, la coordinadora del SIAD de Manresa, Laura Castany, i la t\u00e8cnica del SIAD, Carme Batista.<\/p>\n<p><iframe loading=\"lazy\" id=\"audio_17394773\" style=\"border: 1px solid #EEE; box-sizing: border-box; width: 100%;\" src=\"http:\/\/www.ivoox.com\/player_ej_17394773_4_1.html?c1=828282\" width=\"300\" height=\"200\" frameborder=\"0\" scrolling=\"no\" allowfullscreen=\"allowfullscreen\"><\/iframe><\/p>\n","protected":false},"excerpt":{"rendered":"<p>El 8 de mar\u00e7 \u00e9s el Dia Internacional de la Dona. Per parlar sobre la situaci\u00f3 actual de discriminaci\u00f3 de la dona a la nostra societat, les responsabilitats dels agents implicats i la tasca del SIAD (Servei d&#8217;Atenci\u00f3 i Informaci\u00f3 a les Dones), hem parlat amb la regidora de la Dona a Manresa, Cristina Cruz, [&hellip;]<\/p>\n","protected":false},"author":6,"featured_media":9840,"comment_status":"open","ping_status":"closed","sticky":false,"template":"","format":"standard","meta":{"footnotes":""},"categories":[3,137],"tags":[370,779,666,778],"class_list":{"0":"post-9839","1":"post","2":"type-post","3":"status-publish","4":"format-standard","5":"has-post-thumbnail","7":"category-noticies","8":"category-societat","9":"tag-dia-internacional-de-la-dona","10":"tag-discriminacio-de-genere","11":"tag-manresa","12":"tag-siad"},"_links":{"self":[{"href":"https:\/\/santpedor.net\/radio\/wp-json\/wp\/v2\/posts\/9839","targetHints":{"allow":["GET"]}}],"collection":[{"href":"https:\/\/santpedor.net\/radio\/wp-json\/wp\/v2\/posts"}],"about":[{"href":"https:\/\/santpedor.net\/radio\/wp-json\/wp\/v2\/types\/post"}],"author":[{"embeddable":true,"href":"https:\/\/santpedor.net\/radio\/wp-json\/wp\/v2\/users\/6"}],"replies":[{"embeddable":true,"href":"https:\/\/santpedor.net\/radio\/wp-json\/wp\/v2\/comments?post=9839"}],"version-history":[{"count":0,"href":"https:\/\/santpedor.net\/radio\/wp-json\/wp\/v2\/posts\/9839\/revisions"}],"wp:featuredmedia":[{"embeddable":true,"href":"https:\/\/santpedor.net\/radio\/wp-json\/wp\/v2\/media\/9840"}],"wp:attachment":[{"href":"https:\/\/santpedor.net\/radio\/wp-json\/wp\/v2\/media?parent=9839"}],"wp:term":[{"taxonomy":"category","embeddable":true,"href":"https:\/\/santpedor.net\/radio\/wp-json\/wp\/v2\/categories?post=9839"},{"taxonomy":"post_tag","embeddable":true,"href":"https:\/\/santpedor.net\/radio\/wp-json\/wp\/v2\/tags?post=9839"}],"curies":[{"name":"wp","href":"https:\/\/api.w.org\/{rel}","templated":true}]}}