{"id":9842,"date":"2017-03-08T10:00:56","date_gmt":"2017-03-08T09:00:56","guid":{"rendered":"http:\/\/santpedor.net\/radio\/temperatures-primaverals-fins-diumenge\/"},"modified":"2017-03-08T10:00:56","modified_gmt":"2017-03-08T09:00:56","slug":"temperatures-primaverals-fins-diumenge","status":"publish","type":"post","link":"https:\/\/santpedor.net\/radio\/temperatures-primaverals-fins-diumenge\/","title":{"rendered":"Temperatures primaverals fins diumenge"},"content":{"rendered":"<div><img loading=\"lazy\" decoding=\"async\" width=\"770\" height=\"578\" src=\"http:\/\/santpedor.net\/radio\/wp-content\/uploads\/2017\/03\/IMG_20170308_093239_resized_20170308_093251593-1024x768.jpg\" class=\"attachment-large size-large wp-post-image\" alt=\"\" style=\"margin-bottom: 15px\" \/><\/div>\n<p>Les temperatures m\u00ednimes han pujat avui respecte dies enrere, alguns exemples: Sallent 5.0\u00baC, S\u00faria 5.0\u00baC, Santpedor i al Serrat de Castellnou 6.5\u00baC i 7.0\u00baC a Sant Fruit\u00f3s. Esperem un dia en conjunt assolellat despr\u00e9s dels n\u00favols baixos d\u2019aquest mat\u00ed, tot i aix\u00ed els n\u00favols alts i mitjos ens tornaran afectar, aix\u00f2 no impedir\u00e0 que moltes temperatures es situ\u00efn al voltant dels 20\u00baC a primera hora de la tarda. El vent es mantindr\u00e0 feble.<\/p>\n<p>De cara a dem\u00e0 esperem un ambient fresc al mat\u00ed novament amb bancs de boira i n\u00favols baixos que ens poden afectar fins a mig mat\u00ed. De cara a la tarda el cel es mantindr\u00e0 amb pocs n\u00favols i les temperatures m\u00e0ximes pujaran amb alguns valors que poden fregar els 22 o 23\u00baC.<\/p>\n<p>Divendres esperem que sigui el dia m\u00e9s c\u00e0lid de la setmana amb temperatures m\u00e0ximes pr\u00f2ximes als 25\u00baC.<\/p>\n<p>Foto: n\u00favols de tipus mig aquest mat\u00ed des de Santpedor.<\/p>\n<p>&#013;<br \/>\nSource: El temps<\/p>\n","protected":false},"excerpt":{"rendered":"<p>Les temperatures m\u00ednimes han pujat avui respecte dies enrere, alguns exemples: Sallent 5.0\u00baC, S\u00faria 5.0\u00baC, Santpedor i al Serrat de Castellnou 6.5\u00baC i 7.0\u00baC a Sant Fruit\u00f3s. Esperem un dia en conjunt assolellat despr\u00e9s dels n\u00favols baixos d\u2019aquest mat\u00ed, tot i aix\u00ed els n\u00favols alts i mitjos ens tornaran afectar, aix\u00f2 no impedir\u00e0 que moltes [&hellip;]<\/p>\n","protected":false},"author":1,"featured_media":9843,"comment_status":"false","ping_status":"closed","sticky":false,"template":"","format":"standard","meta":{"footnotes":""},"categories":[768],"tags":[113],"class_list":{"0":"post-9842","1":"post","2":"type-post","3":"status-publish","4":"format-standard","5":"has-post-thumbnail","7":"category-el-temps","8":"tag-santpedor"},"_links":{"self":[{"href":"https:\/\/santpedor.net\/radio\/wp-json\/wp\/v2\/posts\/9842","targetHints":{"allow":["GET"]}}],"collection":[{"href":"https:\/\/santpedor.net\/radio\/wp-json\/wp\/v2\/posts"}],"about":[{"href":"https:\/\/santpedor.net\/radio\/wp-json\/wp\/v2\/types\/post"}],"author":[{"embeddable":true,"href":"https:\/\/santpedor.net\/radio\/wp-json\/wp\/v2\/users\/1"}],"replies":[{"embeddable":true,"href":"https:\/\/santpedor.net\/radio\/wp-json\/wp\/v2\/comments?post=9842"}],"version-history":[{"count":0,"href":"https:\/\/santpedor.net\/radio\/wp-json\/wp\/v2\/posts\/9842\/revisions"}],"wp:featuredmedia":[{"embeddable":true,"href":"https:\/\/santpedor.net\/radio\/wp-json\/wp\/v2\/media\/9843"}],"wp:attachment":[{"href":"https:\/\/santpedor.net\/radio\/wp-json\/wp\/v2\/media?parent=9842"}],"wp:term":[{"taxonomy":"category","embeddable":true,"href":"https:\/\/santpedor.net\/radio\/wp-json\/wp\/v2\/categories?post=9842"},{"taxonomy":"post_tag","embeddable":true,"href":"https:\/\/santpedor.net\/radio\/wp-json\/wp\/v2\/tags?post=9842"}],"curies":[{"name":"wp","href":"https:\/\/api.w.org\/{rel}","templated":true}]}}