{"id":9870,"date":"2017-03-13T10:49:23","date_gmt":"2017-03-13T09:49:23","guid":{"rendered":"http:\/\/santpedor.net\/radio\/?p=9870"},"modified":"2017-03-13T10:49:23","modified_gmt":"2017-03-13T09:49:23","slug":"culers-del-2x2-fan-una-ruta-en-bici-sene-roba-per-complir-una-promesa","status":"publish","type":"post","link":"https:\/\/santpedor.net\/radio\/culers-del-2x2-fan-una-ruta-en-bici-sene-roba-per-complir-una-promesa\/","title":{"rendered":"Culers del 2&#215;2 fan una ruta en bici sene roba per complir una promesa"},"content":{"rendered":"<p>Ataviats nom\u00e9s amb roba interior i bufandes del Bar\u00e7a, una desena de socis del Centre Excursionista 2&#215;2 van fer dissabte una ruta en BTT fins a al corriol del Llu\u00eds, a Santpedor. El motiu de la curiosa activitat no era celebrar l&#8217;arribada del bon temps sin\u00f3 complir una promesa -Bikepromesa culer-: ruta en bici sense roba si el Bar\u00e7a remuntava al Camp Nou el 4 a 0 advers que portava de Par\u00eds. I va remuntar i de quina manera.<\/p>\n<p>Val a dir que el temps va ser un bon aliat de la comitiva, doncs va fer un dissabte de sol gaireb\u00e9 estival, amb temperatures que al mat\u00ed no baixaven dels 14 graus i m\u00e9s tard es van enfilar fins a vora els 20.<\/p>\n<p>FOTO: CENTRE EXCURSIONISTA 2X2<\/p>\n","protected":false},"excerpt":{"rendered":"<p>Ataviats nom\u00e9s amb roba interior i bufandes del Bar\u00e7a, una desena de socis del Centre Excursionista 2&#215;2 van fer dissabte una ruta en BTT fins a al corriol del Llu\u00eds, a Santpedor. El motiu de la curiosa activitat no era celebrar l&#8217;arribada del bon temps sin\u00f3 complir una promesa -Bikepromesa culer-: ruta en bici sense [&hellip;]<\/p>\n","protected":false},"author":6,"featured_media":9871,"comment_status":"open","ping_status":"closed","sticky":false,"template":"","format":"standard","meta":{"footnotes":""},"categories":[225,3],"tags":[264,271,463,793,113],"class_list":{"0":"post-9870","1":"post","2":"type-post","3":"status-publish","4":"format-standard","5":"has-post-thumbnail","7":"category-esports","8":"category-noticies","9":"tag-barca","10":"tag-btt","11":"tag-centre-excursionista-2x2","12":"tag-remuntada","13":"tag-santpedor"},"_links":{"self":[{"href":"https:\/\/santpedor.net\/radio\/wp-json\/wp\/v2\/posts\/9870","targetHints":{"allow":["GET"]}}],"collection":[{"href":"https:\/\/santpedor.net\/radio\/wp-json\/wp\/v2\/posts"}],"about":[{"href":"https:\/\/santpedor.net\/radio\/wp-json\/wp\/v2\/types\/post"}],"author":[{"embeddable":true,"href":"https:\/\/santpedor.net\/radio\/wp-json\/wp\/v2\/users\/6"}],"replies":[{"embeddable":true,"href":"https:\/\/santpedor.net\/radio\/wp-json\/wp\/v2\/comments?post=9870"}],"version-history":[{"count":0,"href":"https:\/\/santpedor.net\/radio\/wp-json\/wp\/v2\/posts\/9870\/revisions"}],"wp:featuredmedia":[{"embeddable":true,"href":"https:\/\/santpedor.net\/radio\/wp-json\/wp\/v2\/media\/9871"}],"wp:attachment":[{"href":"https:\/\/santpedor.net\/radio\/wp-json\/wp\/v2\/media?parent=9870"}],"wp:term":[{"taxonomy":"category","embeddable":true,"href":"https:\/\/santpedor.net\/radio\/wp-json\/wp\/v2\/categories?post=9870"},{"taxonomy":"post_tag","embeddable":true,"href":"https:\/\/santpedor.net\/radio\/wp-json\/wp\/v2\/tags?post=9870"}],"curies":[{"name":"wp","href":"https:\/\/api.w.org\/{rel}","templated":true}]}}