{"id":9882,"date":"2017-03-15T09:52:21","date_gmt":"2017-03-15T08:52:21","guid":{"rendered":"http:\/\/santpedor.net\/radio\/?p=9882"},"modified":"2017-03-17T16:18:40","modified_gmt":"2017-03-17T15:18:40","slug":"lajuntament-de-santpedor-no-contempla-de-moment-fer-un-referendum-per-les-vaquetes","status":"publish","type":"post","link":"https:\/\/santpedor.net\/radio\/lajuntament-de-santpedor-no-contempla-de-moment-fer-un-referendum-per-les-vaquetes\/","title":{"rendered":"L&#8217;Ajuntament de Santpedor no contempla, de moment, fer un refer\u00e8ndum per les &#8216;vaquetes&#8217;"},"content":{"rendered":"<p>Les vaquetes de Santpedor van tornar al primer pla de l&#8217;actualitat santpedorenca ahir amb motiu del ple municipal. I no pas perqu\u00e8 estiguessin a l&#8217;ordre del dia, sin\u00f3 per la intervenci\u00f3 de David Serramitjana, portaveu de la Plataforma Animalista de Santpedor i director de la Fundaci\u00f3 FAUNA, en el torn de preguntes al final del ple. Acompanyat per set o vuit membres m\u00e9s de la Plataforma, Serramitjana va reclamar a l&#8217;Ajuntament deixar d&#8217;utilitzar animals per a les festivitats del poble, comen\u00e7ant pels correbous de la Festa Major.<\/p>\n<p>El contrap\u00e8s el van posar els simpatitzants de les vaquetes, una quarantena ben bona -molts es van haver de quedar tot el ple a fora de la Capella de Sant Andreu-, la majoria dels quals portaven un adhesiu al pit amb el text &#8220;La Festa Major no es toca, vaquetes ara i sempre&#8221;. Tot i que no van intervenir en cap moment, van voler deixar clara la seva posici\u00f3 i van convertir el ple en el m\u00e9s concorregut de l&#8217;any.<\/p>\n<p>Qui va intervenir, per\u00f2, va ser Casamitjana, que va demanar obrir un debat al poble sobre el tema perqu\u00e8 la gent pugui decidir, i va posar sobre la taula la celebraci\u00f3 d&#8217;una consulta. Un debat que segons ell &#8220;ja s&#8217;ha obert&#8221; al poble. I \u00e9s que va afirmar que 800 de les 6.500 firmes que han recollit a trav\u00e9s de la campanya a Change.org per treure les vaquetes &#8220;s\u00f3n de Santpedor&#8221;.<\/p>\n<audio class=\"wp-audio-shortcode\" id=\"audio-9882-1\" preload=\"none\" style=\"width: 100%;\" controls=\"controls\"><source type=\"audio\/mpeg\" src=\"http:\/\/santpedor.net\/radio\/wp-content\/uploads\/2017\/03\/T-David-Serramitjana-vaquetes.mp3?_=1\" \/><a href=\"http:\/\/santpedor.net\/radio\/wp-content\/uploads\/2017\/03\/T-David-Serramitjana-vaquetes.mp3\">http:\/\/santpedor.net\/radio\/wp-content\/uploads\/2017\/03\/T-David-Serramitjana-vaquetes.mp3<\/a><\/audio>\n<p>Agust\u00ed Comas, qui va respondre com a regidor de Cultura, va posar en dubte que realment s&#8217;hagi obert un debat al poble. Segons va afirmar, la plataforma animalista s\u00f3n &#8220;els \u00fanics que s&#8217;han apropat a parlar del tema a l&#8217;Ajuntament&#8221;, i va recalcar que no contemplen a curt termini &#8220;la celebraci\u00f3 d&#8217;un refer\u00e8ndum o cap tipus d&#8217;acci\u00f3 en aquest sentit&#8221; per decidir sobre aquest acte de la Festa Major. Assegura que &#8220;l&#8217;Ajuntament vetlla i compleix escrupolosament la normativa en mat\u00e8ria de transport i tracte d&#8217;animals en aquest tipus de festivitats&#8221;.<\/p>\n<audio class=\"wp-audio-shortcode\" id=\"audio-9882-2\" preload=\"none\" style=\"width: 100%;\" controls=\"controls\"><source type=\"audio\/mpeg\" src=\"http:\/\/santpedor.net\/radio\/wp-content\/uploads\/2017\/03\/T-Agust\u00ed-Comas-vquetes.mp3?_=2\" \/><a href=\"http:\/\/santpedor.net\/radio\/wp-content\/uploads\/2017\/03\/T-Agust\u00ed-Comas-vquetes.mp3\">http:\/\/santpedor.net\/radio\/wp-content\/uploads\/2017\/03\/T-Agust\u00ed-Comas-vquetes.mp3<\/a><\/audio>\n<p>Serramitjana va replicar afirmant que tenen &#8220;informes veterinaris que demostren el patiment de l&#8217;animal en els correbous&#8221;, a la qual cosa Comas va reiterar que compleixen la llei, i va posar sobre la taula altres festivitats que es fan a Santpedor amb animals, com els Tres Tombs o els Ocellaires, tot deixant a l&#8217;aire quin hauria de ser el llindar en cas que es tir\u00e9s endavant una iniciativa d&#8217;aquest tipus.<\/p>\n<p>El tema de les vaquetes va tornar a l&#8217;esfera p\u00fablica despr\u00e9s de molts anys, l&#8217;any passat, quan representants dels dos partits de l&#8217;oposici\u00f3 (Progr\u00e9s Municipal i Converg\u00e8ncia Democr\u00e0tica) van posar sobre la taula la possibilitat de debatre o fer una consulta sobre aquest acte. M\u00e9s tard, va n\u00e9ixer &#8216;Santpedor sense vaquetes&#8217;, que porta des de l&#8217;estiu recollint firmes i preparant una campanya per eliminar els correbous de Santpedor. Des de l&#8217;equip de govern, per\u00f2, no es contempla de moment la possibilitat de fer un refer\u00e8ndum o res semblant.<\/p>\n","protected":false},"excerpt":{"rendered":"<p>Les vaquetes de Santpedor van tornar al primer pla de l&#8217;actualitat santpedorenca ahir amb motiu del ple municipal. I no pas perqu\u00e8 estiguessin a l&#8217;ordre del dia, sin\u00f3 per la intervenci\u00f3 de David Serramitjana, portaveu de la Plataforma Animalista de Santpedor i director de la Fundaci\u00f3 FAUNA, en el torn de preguntes al final del [&hellip;]<\/p>\n","protected":false},"author":6,"featured_media":9885,"comment_status":"open","ping_status":"closed","sticky":false,"template":"","format":"standard","meta":{"footnotes":""},"categories":[236,3],"tags":[406,409,113,796,407],"class_list":{"0":"post-9882","1":"post","2":"type-post","3":"status-publish","4":"format-standard","5":"has-post-thumbnail","7":"category-entitats-i-cultura","8":"category-noticies","9":"tag-correbous","10":"tag-ple-municipal","11":"tag-santpedor","12":"tag-santpedor-sense-vaquetes","13":"tag-vaquetes"},"_links":{"self":[{"href":"https:\/\/santpedor.net\/radio\/wp-json\/wp\/v2\/posts\/9882","targetHints":{"allow":["GET"]}}],"collection":[{"href":"https:\/\/santpedor.net\/radio\/wp-json\/wp\/v2\/posts"}],"about":[{"href":"https:\/\/santpedor.net\/radio\/wp-json\/wp\/v2\/types\/post"}],"author":[{"embeddable":true,"href":"https:\/\/santpedor.net\/radio\/wp-json\/wp\/v2\/users\/6"}],"replies":[{"embeddable":true,"href":"https:\/\/santpedor.net\/radio\/wp-json\/wp\/v2\/comments?post=9882"}],"version-history":[{"count":0,"href":"https:\/\/santpedor.net\/radio\/wp-json\/wp\/v2\/posts\/9882\/revisions"}],"wp:featuredmedia":[{"embeddable":true,"href":"https:\/\/santpedor.net\/radio\/wp-json\/wp\/v2\/media\/9885"}],"wp:attachment":[{"href":"https:\/\/santpedor.net\/radio\/wp-json\/wp\/v2\/media?parent=9882"}],"wp:term":[{"taxonomy":"category","embeddable":true,"href":"https:\/\/santpedor.net\/radio\/wp-json\/wp\/v2\/categories?post=9882"},{"taxonomy":"post_tag","embeddable":true,"href":"https:\/\/santpedor.net\/radio\/wp-json\/wp\/v2\/tags?post=9882"}],"curies":[{"name":"wp","href":"https:\/\/api.w.org\/{rel}","templated":true}]}}