{"id":9887,"date":"2017-03-16T16:01:46","date_gmt":"2017-03-16T15:01:46","guid":{"rendered":"http:\/\/santpedor.net\/radio\/?p=9887"},"modified":"2017-03-17T16:19:02","modified_gmt":"2017-03-17T15:19:02","slug":"els-animalistes-de-santpedor-titllen-lequip-de-govern-de-poc-democratic","status":"publish","type":"post","link":"https:\/\/santpedor.net\/radio\/els-animalistes-de-santpedor-titllen-lequip-de-govern-de-poc-democratic\/","title":{"rendered":"Els animalistes de Santpedor titllen l&#8217;equip de govern de &#8220;poc democr\u00e0tic&#8221;"},"content":{"rendered":"<p>Les vaquetes de Santpedor han tornat a l&#8217;arena p\u00fablica, i de quina manera, amb la intervenci\u00f3 de la Plataforma Animalista de Santpedor al ple municipal, davant desenes de simpatitzants dels correbous. Una &#8216;patata calenta&#8217; pels grups pol\u00edtics del poble, que saben que \u00e9s un tema delicat que arrossega moltes passions a favor i en contra. Si b\u00e9 l&#8217;equip de govern (Esquerra Republicana), en veu del regidor de cultura Agust\u00ed Comas, va deixar clar en el ple que no els ha arribat que hi hagi aquest debat i que no contemplen per ara la possibilitat de fer un refer\u00e8ndum, tamb\u00e9 han transm\u00e8s que deixen una porta oberta a parlar del tema si la reivindicaci\u00f3 pren for\u00e7a i es presenten un nombre important de firmes en contra les vaquetes (o a favor de la consulta).<\/p>\n<p>A la Plataforma Animalista de Santpedor, per la seva banda, van quedar decebuts amb la resposta de l&#8217;equip de govern al ple municipal, i consideren &#8220;molt greu i poc democr\u00e0tic&#8221; que ni tan sols s&#8217;admeti que &#8220;hi ha debat&#8221;. Amb tot, el seu portaveu, David Serramitjana, que tamb\u00e9 \u00e9s director de la Fundaci\u00f3 FAUNA, assegura que <strong>un 10% de les 7.500 firmes que han recollit a trav\u00e9s de Change.org, s\u00f3n de santpedorencs.<\/strong><\/p>\n<audio class=\"wp-audio-shortcode\" id=\"audio-9887-1\" preload=\"none\" style=\"width: 100%;\" controls=\"controls\"><source type=\"audio\/mpeg\" src=\"http:\/\/santpedor.net\/radio\/wp-content\/uploads\/2017\/03\/T-David-Serramitjana-animalistes.mp3?_=1\" \/><a href=\"http:\/\/santpedor.net\/radio\/wp-content\/uploads\/2017\/03\/T-David-Serramitjana-animalistes.mp3\">http:\/\/santpedor.net\/radio\/wp-content\/uploads\/2017\/03\/T-David-Serramitjana-animalistes.mp3<\/a><\/audio>\n<p>Serramitjana tamb\u00e9 es mostra descontent amb la &#8220;demag\u00f2gia digna del PP&#8221; que, al seu parer, va utilitzar Comas quan va mencionar altres festes amb animals del poble com Els Tres Tombs. Des de la plataforma animalista no amaguen que no s\u00f3n partidaris de cap tipus d&#8217;esdeveniment en qu\u00e8 participin animals, per\u00f2 subratllen que la seva campanya va dirigida a les vaquetes i que \u00e9s el seu &#8220;\u00fanic i urgent objectiu&#8221;. Segons el portaveu de &#8216;Santpedor sense vaquetes&#8217;, els partits pol\u00edtics &#8220;actuen condicionats perqu\u00e8 tenen por dels taurins&#8221;.<\/p>\n<p>Pel qu\u00e8 fa a l&#8217;oposici\u00f3, que no va poder intervenir al ple pel format de la pregunta, a difer\u00e8ncia d&#8217;Esquerra Republicana<strong> el PDeCAT (abans Converg\u00e8ncia Democr\u00e0tica) de Santpedor creu que &#8220;s\u00ed que hi ha debat&#8221;<\/strong>. El mateix ple, diuen, &#8220;\u00e9s una evid\u00e8ncia de que hi ha debat, amb desenes de persones a favor i en contra presents all\u00e0&#8221;. Al seu parer, \u00e9s un tema delicat i que no s&#8217;ha de menystenir, per\u00f2 traspassen la responsabilitat a l&#8217;equip de govern. Aix\u00ed ho afirma Montse Claret, que l&#8217;any passat va posar sobre la taula, al programa Pla\u00e7a Gran de R\u00e0dio Santpedor, la possibilitat de fer una consulta sobre les vaquetes perqu\u00e8 el poble decid\u00eds.<\/p>\n<audio class=\"wp-audio-shortcode\" id=\"audio-9887-2\" preload=\"none\" style=\"width: 100%;\" controls=\"controls\"><source type=\"audio\/mpeg\" src=\"http:\/\/santpedor.net\/radio\/wp-content\/uploads\/2017\/03\/T-Montse-Claret-vaquetes.mp3?_=2\" \/><a href=\"http:\/\/santpedor.net\/radio\/wp-content\/uploads\/2017\/03\/T-Montse-Claret-vaquetes.mp3\">http:\/\/santpedor.net\/radio\/wp-content\/uploads\/2017\/03\/T-Montse-Claret-vaquetes.mp3<\/a><\/audio>\n<p>Des de<strong> Progr\u00e9s Municipal<\/strong>, que l&#8217;any passat va plantejar al ple municipal la possibilitat de posar el tema a debat, es mostren ara &#8220;totalment a favor de les vaquetes&#8221; i refusen la possibilitat de fer una consulta. Segons fonts del grup, &#8220;\u00e9s una tema que genera massa tensi\u00f3, s&#8217;ha de deixar passar temps&#8221;.<\/p>\n<p><strong>Els partidaris de no tocar l&#8217;acte de les vaquetes no volen fer declaracions<\/strong> per ara, per no &#8220;engreixar&#8221; una controv\u00e8rsia que, al seu parer, &#8220;no existeix&#8221;. Amb tot, dimarts van assistir en massa al ple -m\u00e9s de quaranta- amb adhesius on es podia llegir: &#8216;la Festa Major no es toca, vaquetes ara i sempre&#8217;.<\/p>\n<p><strong>L&#8217;equip de govern considera<\/strong> que si una entitat vol portar una tema a consulta han d&#8217;emp\u00e8nyer i buscar adhesions. En aquest sentit, no tanquen la porta a fer una consulta sobre les vaquetes per\u00f2 demanen passos previs abans. El primer: portar les 800 firmes, validades, de les quals Serramitjana va parlar al ple, a l&#8217;ajuntament.<\/p>\n","protected":false},"excerpt":{"rendered":"<p>Les vaquetes de Santpedor han tornat a l&#8217;arena p\u00fablica, i de quina manera, amb la intervenci\u00f3 de la Plataforma Animalista de Santpedor al ple municipal, davant desenes de simpatitzants dels correbous. Una &#8216;patata calenta&#8217; pels grups pol\u00edtics del poble, que saben que \u00e9s un tema delicat que arrossega moltes passions a favor i en contra. [&hellip;]<\/p>\n","protected":false},"author":6,"featured_media":9932,"comment_status":"open","ping_status":"closed","sticky":false,"template":"","format":"standard","meta":{"footnotes":""},"categories":[3,137],"tags":[7,805,406,21,753,38,600,113,796,407],"class_list":{"0":"post-9887","1":"post","2":"type-post","3":"status-publish","4":"format-standard","5":"has-post-thumbnail","7":"category-noticies","8":"category-societat","9":"tag-ajuntament","10":"tag-animalistes","11":"tag-correbous","12":"tag-erc","13":"tag-pdecat","14":"tag-ple","15":"tag-pm","16":"tag-santpedor","17":"tag-santpedor-sense-vaquetes","18":"tag-vaquetes"},"_links":{"self":[{"href":"https:\/\/santpedor.net\/radio\/wp-json\/wp\/v2\/posts\/9887","targetHints":{"allow":["GET"]}}],"collection":[{"href":"https:\/\/santpedor.net\/radio\/wp-json\/wp\/v2\/posts"}],"about":[{"href":"https:\/\/santpedor.net\/radio\/wp-json\/wp\/v2\/types\/post"}],"author":[{"embeddable":true,"href":"https:\/\/santpedor.net\/radio\/wp-json\/wp\/v2\/users\/6"}],"replies":[{"embeddable":true,"href":"https:\/\/santpedor.net\/radio\/wp-json\/wp\/v2\/comments?post=9887"}],"version-history":[{"count":0,"href":"https:\/\/santpedor.net\/radio\/wp-json\/wp\/v2\/posts\/9887\/revisions"}],"wp:featuredmedia":[{"embeddable":true,"href":"https:\/\/santpedor.net\/radio\/wp-json\/wp\/v2\/media\/9932"}],"wp:attachment":[{"href":"https:\/\/santpedor.net\/radio\/wp-json\/wp\/v2\/media?parent=9887"}],"wp:term":[{"taxonomy":"category","embeddable":true,"href":"https:\/\/santpedor.net\/radio\/wp-json\/wp\/v2\/categories?post=9887"},{"taxonomy":"post_tag","embeddable":true,"href":"https:\/\/santpedor.net\/radio\/wp-json\/wp\/v2\/tags?post=9887"}],"curies":[{"name":"wp","href":"https:\/\/api.w.org\/{rel}","templated":true}]}}