{"id":9964,"date":"2017-03-20T20:48:41","date_gmt":"2017-03-20T19:48:41","guid":{"rendered":"http:\/\/santpedor.net\/radio\/?p=9964"},"modified":"2017-03-20T20:48:41","modified_gmt":"2017-03-20T19:48:41","slug":"hi-haura-una-consulta-sobre-les-vaquetes","status":"publish","type":"post","link":"https:\/\/santpedor.net\/radio\/hi-haura-una-consulta-sobre-les-vaquetes\/","title":{"rendered":"Hi haur\u00e0 una consulta sobre les vaquetes?"},"content":{"rendered":"<p>El ple del mes de mar\u00e7 ha deixat una imatge in\u00e8dita, amb m\u00e9s de seixanta de persones concentrant-se a favor i en contra de les tradicionals vaquetes de la Festa Major. Tot arran de la pregunta que una desena de membres de la Plataforma Animalista de Santpedor va fer als regidors, i que va provocar que m\u00e9s de mig centenar de persones a favor de l\u2019espectacle que se celebra des de fa 36 anys.<\/p>\n<p>Qu\u00e8 far\u00e0 l\u2019Ajuntament amb aquest debat? En el programa d\u2019aquest mes formulem la pregunta al tinent d\u2019alcalde i regidor de Cultura, Educaci\u00f3 i Participaci\u00f3 Ciutadana, Agust\u00ed Comas (d\u2019ERC) i als portaveus de l\u2019oposici\u00f3 Toni Puiggr\u00f2s (PDeCAT) i Fina Rodr\u00edguez (Progr\u00e9s Municipal). I ens va acompanyar una portaveu animalista, Rosa Luj\u00e1n.<\/p>\n<p>Comas explica que l\u2019Ajuntament prendr\u00e0 alguna decisi\u00f3 quan la plataforma li plantegi formalment la q\u00fcesti\u00f3 i presenti les 800 signatures que diuen haver recollit pels comer\u00e7os. No descarta que s\u2019acabi convocant una consulta popular perqu\u00e8 els santpedorencs votin si s\u2019han de prohibir les vaquetes. L\u2019oposici\u00f3 recorda al govern municipal d\u2019ERC que ja va rebre l\u2019aval majoritari de les urnes per actuar, i creuen que la consulta pot ser el desllorigador del debat ciutad\u00e0.<\/p>\n<p>Abans vam repassar els acords del plenari de mar\u00e7, amb un nou episodio de discrep\u00e0ncia entre l\u2019Ajuntament i la concession\u00e0ria de la resid\u00e8ncia de Can Jorba, l\u2019Onada, que ha demanat una ampliaci\u00f3 de places i el ple li ha denegat per unanimitat. En vam parlar tamb\u00e9 explicat el regidor de Comunicaci\u00f3 i Turisme, Toni Valverde.<\/p>\n<p>Escolta el programa sencer:<\/p>\n<p><iframe loading=\"lazy\" id=\"audio_17656802\" style=\"border: 1px solid #EEE; box-sizing: border-box; width: 100%;\" src=\"https:\/\/www.ivoox.com\/player_ej_17656802_4_1.html?c1=ff6600\" width=\"300\" height=\"200\" frameborder=\"0\" scrolling=\"no\" allowfullscreen=\"allowfullscreen\"><\/iframe><\/p>\n","protected":false},"excerpt":{"rendered":"<p>El ple del mes de mar\u00e7 ha deixat una imatge in\u00e8dita, amb m\u00e9s de seixanta de persones concentrant-se a favor i en contra de les tradicionals vaquetes de la Festa Major. Tot arran de la pregunta que una desena de membres de la Plataforma Animalista de Santpedor va fer als regidors, i que va provocar [&hellip;]<\/p>\n","protected":false},"author":4,"featured_media":9965,"comment_status":"open","ping_status":"closed","sticky":false,"template":"","format":"standard","meta":{"footnotes":""},"categories":[356,535],"tags":[7,113,407],"class_list":{"0":"post-9964","1":"post","2":"type-post","3":"status-publish","4":"format-standard","5":"has-post-thumbnail","7":"category-placa-gran","8":"category-programes","9":"tag-ajuntament","10":"tag-santpedor","11":"tag-vaquetes"},"_links":{"self":[{"href":"https:\/\/santpedor.net\/radio\/wp-json\/wp\/v2\/posts\/9964","targetHints":{"allow":["GET"]}}],"collection":[{"href":"https:\/\/santpedor.net\/radio\/wp-json\/wp\/v2\/posts"}],"about":[{"href":"https:\/\/santpedor.net\/radio\/wp-json\/wp\/v2\/types\/post"}],"author":[{"embeddable":true,"href":"https:\/\/santpedor.net\/radio\/wp-json\/wp\/v2\/users\/4"}],"replies":[{"embeddable":true,"href":"https:\/\/santpedor.net\/radio\/wp-json\/wp\/v2\/comments?post=9964"}],"version-history":[{"count":0,"href":"https:\/\/santpedor.net\/radio\/wp-json\/wp\/v2\/posts\/9964\/revisions"}],"wp:featuredmedia":[{"embeddable":true,"href":"https:\/\/santpedor.net\/radio\/wp-json\/wp\/v2\/media\/9965"}],"wp:attachment":[{"href":"https:\/\/santpedor.net\/radio\/wp-json\/wp\/v2\/media?parent=9964"}],"wp:term":[{"taxonomy":"category","embeddable":true,"href":"https:\/\/santpedor.net\/radio\/wp-json\/wp\/v2\/categories?post=9964"},{"taxonomy":"post_tag","embeddable":true,"href":"https:\/\/santpedor.net\/radio\/wp-json\/wp\/v2\/tags?post=9964"}],"curies":[{"name":"wp","href":"https:\/\/api.w.org\/{rel}","templated":true}]}}