{"id":9976,"date":"2017-03-22T13:17:48","date_gmt":"2017-03-22T12:17:48","guid":{"rendered":"http:\/\/santpedor.net\/radio\/?p=9976"},"modified":"2017-03-22T13:17:48","modified_gmt":"2017-03-22T12:17:48","slug":"santpedor-es-converteix-en-la-primera-vila-florida-del-bages-2","status":"publish","type":"post","link":"https:\/\/santpedor.net\/radio\/santpedor-es-converteix-en-la-primera-vila-florida-del-bages-2\/","title":{"rendered":"Santpedor es converteix en la primera &#8216;Vila Florida&#8217; del Bages"},"content":{"rendered":"<p>Santpedor s\u2019incorpora al projecte Viles Florides que promou la Confederaci\u00f3 d\u2019Horticultura Ornamental de Catalunya (CHOC) i que distingeix els municipis que treballen per la transformaci\u00f3 dels seus espais p\u00fablics a trav\u00e9s de l\u2019enjardinament i la millora dels espais verds. Amb l&#8217;adhesi\u00f3 del municipi ja s\u00f3n 98 els municipis catalans que formen part d&#8217;aquest projecte. Santpedor, a m\u00e9s, es converteix en el primer municipi de la comarca del Bages en adherir-se al moviment.<\/p>\n<p>Des del consistori santpedorenc confirmen el paper de la planta ornamental com a eina de desenvolupament local i territorial i esperen que Viles Florides &#8220;serveixi d&#8217;eix vertebrador per la revitalitzaci\u00f3 del casc antic del municipi com un centre viu per ve\u00efns i din\u00e0mic en comer\u00e7 i turisme&#8221;.<\/p>\n<p><strong>Viles Florides<\/strong><\/p>\n<p>Viles Florides vol recon\u00e8ixer la riquesa natural i paisatg\u00edstica del pa\u00eds mitjan\u00e7ant el reconeixement p\u00fablic de tots aquells projectes d\u2019enjardinament, ornamentaci\u00f3 floral i cultura del verd urb\u00e0 que, tant en l\u2019\u00e0mbit p\u00fablic com privat, esdevinguin un exemple a seguir. El projecte posa en valor la protecci\u00f3 dels espais verds, la millora de la qualitat de\u00a0 vida, la conscienciaci\u00f3 social vers pol\u00edtiques sostenibles o el desenvolupament d\u2019economies locals a\u00a0 trav\u00e9s de l\u2019atractiu del parcs i jardins<\/p>\n<p>Els aspectes que es valoren de cada municipi s\u00f3n el patrimoni vegetal i paisatg\u00edstic: la relaci\u00f3 entre l\u2019espai verd i el nombre d\u2019habitants, la relaci\u00f3 entre els recursos destinats al manteniment i la superf\u00edcie verda i enjardinada, la diversitat floral, la funcionalitat dels espais verds, la integraci\u00f3 paisatg\u00edstica, la singularitat dels espais, l\u2019estat de manteniment, l\u2019exist\u00e8ncia d\u2019un inventari de patrimoni vegetal, la qualitat dels subministraments vegetals, la selecci\u00f3 d\u2019esp\u00e8cies o l\u2019est\u00e8tica. Tamb\u00e9 es t\u00e9 en compte el respecte pel medi ambient i la sostenibilitat a trav\u00e9s de variables com la gesti\u00f3 de l\u2019aigua, els programes de control de plagues i malalties, la neteja i gesti\u00f3 de residus, o la qualitat de mobiliari urb\u00e0.<\/p>\n<p>A banda de les viles florides, el projecte pret\u00e9n la participaci\u00f3 i la implicaci\u00f3 ciutadana fomentant la participaci\u00f3 de tot aquell particular, empresa o instituci\u00f3 que promoguin la sensibilitat ambiental i paisatg\u00edstica i que treballin per a la conservaci\u00f3 i difusi\u00f3 del patrimoni vegetal des del seu \u00e0mbit.<\/p>\n","protected":false},"excerpt":{"rendered":"<p>Santpedor s\u2019incorpora al projecte Viles Florides que promou la Confederaci\u00f3 d\u2019Horticultura Ornamental de Catalunya (CHOC) i que distingeix els municipis que treballen per la transformaci\u00f3 dels seus espais p\u00fablics a trav\u00e9s de l\u2019enjardinament i la millora dels espais verds. Amb l&#8217;adhesi\u00f3 del municipi ja s\u00f3n 98 els municipis catalans que formen part d&#8217;aquest projecte. Santpedor, [&hellip;]<\/p>\n","protected":false},"author":6,"featured_media":9977,"comment_status":"open","ping_status":"closed","sticky":false,"template":"","format":"standard","meta":{"footnotes":""},"categories":[3,137],"tags":[17,184,113,744],"class_list":{"0":"post-9976","1":"post","2":"type-post","3":"status-publish","4":"format-standard","5":"has-post-thumbnail","7":"category-noticies","8":"category-societat","9":"tag-bages","10":"tag-catalunya","11":"tag-santpedor","12":"tag-vila-florida"},"_links":{"self":[{"href":"https:\/\/santpedor.net\/radio\/wp-json\/wp\/v2\/posts\/9976","targetHints":{"allow":["GET"]}}],"collection":[{"href":"https:\/\/santpedor.net\/radio\/wp-json\/wp\/v2\/posts"}],"about":[{"href":"https:\/\/santpedor.net\/radio\/wp-json\/wp\/v2\/types\/post"}],"author":[{"embeddable":true,"href":"https:\/\/santpedor.net\/radio\/wp-json\/wp\/v2\/users\/6"}],"replies":[{"embeddable":true,"href":"https:\/\/santpedor.net\/radio\/wp-json\/wp\/v2\/comments?post=9976"}],"version-history":[{"count":0,"href":"https:\/\/santpedor.net\/radio\/wp-json\/wp\/v2\/posts\/9976\/revisions"}],"wp:featuredmedia":[{"embeddable":true,"href":"https:\/\/santpedor.net\/radio\/wp-json\/wp\/v2\/media\/9977"}],"wp:attachment":[{"href":"https:\/\/santpedor.net\/radio\/wp-json\/wp\/v2\/media?parent=9976"}],"wp:term":[{"taxonomy":"category","embeddable":true,"href":"https:\/\/santpedor.net\/radio\/wp-json\/wp\/v2\/categories?post=9976"},{"taxonomy":"post_tag","embeddable":true,"href":"https:\/\/santpedor.net\/radio\/wp-json\/wp\/v2\/tags?post=9976"}],"curies":[{"name":"wp","href":"https:\/\/api.w.org\/{rel}","templated":true}]}}