{"id":9981,"date":"2017-03-23T12:16:15","date_gmt":"2017-03-23T11:16:15","guid":{"rendered":"http:\/\/santpedor.net\/radio\/?p=9981"},"modified":"2017-03-23T12:23:41","modified_gmt":"2017-03-23T11:23:41","slug":"santpedor-sabra-al-setembre-el-nombre-de-flors-que-li-atorga-el-choc-com-a-vila-florida","status":"publish","type":"post","link":"https:\/\/santpedor.net\/radio\/santpedor-sabra-al-setembre-el-nombre-de-flors-que-li-atorga-el-choc-com-a-vila-florida\/","title":{"rendered":"Santpedor sabr\u00e0 al setembre el nombre de &#8216;flors&#8217; que li atorguen com a Vila Florida"},"content":{"rendered":"<p>Santpedor ja \u00e9s Vila Florida despr\u00e9s d&#8217;incorporar-se al projecte Viles Florides que promou la Confederaci\u00f3 d\u2019Horticultura Ornamental de Catalunya (CHOC) i que distingeix els municipis que treballen per la transformaci\u00f3 dels seus espais p\u00fablics a trav\u00e9s de l\u2019enjardinament i la millora dels espais verds. Amb l&#8217;adhesi\u00f3 del municipi ja s\u00f3n 98 els municipis catalans que formen part d&#8217;aquest projecte. Santpedor, a m\u00e9s, es converteix en el primer municipi de la comarca del Bages en adherir-se al moviment.<\/p>\n<p>Pel sol fet d&#8217;inscriure&#8217;s al projecte Santpedor ja \u00e9s Vila Florida, tot i que ara falta saber amb quantes &#8216;flors&#8217; (poden ser de 0 a 5, a l&#8217;estil de les estrelles Michelin als restaurants) puntuen el poble el jurat. Un jurat que visitar\u00e0 al poble a la primavera i avaluar\u00e0 tot tipus d&#8217;elements relacionats amb el patrimoni vegetal i paisatg\u00edstic, el respecte pel medi ambient i la sostenibilitat, i l&#8217;\u00fas social i les sinergies amb activitats tur\u00edstiques vinculades a espais verds.<\/p>\n<audio class=\"wp-audio-shortcode\" id=\"audio-9981-1\" preload=\"none\" style=\"width: 100%;\" controls=\"controls\"><source type=\"audio\/mpeg\" src=\"http:\/\/santpedor.net\/radio\/wp-content\/uploads\/2017\/03\/T-Roger-Parcerisas-Vila-Florida.mp3?_=1\" \/><a href=\"http:\/\/santpedor.net\/radio\/wp-content\/uploads\/2017\/03\/T-Roger-Parcerisas-Vila-Florida.mp3\">http:\/\/santpedor.net\/radio\/wp-content\/uploads\/2017\/03\/T-Roger-Parcerisas-Vila-Florida.mp3<\/a><\/audio>\n<p>La resoluci\u00f3 del jurat i el nombre de &#8216;flors&#8217; que finalment obt\u00e9 Santpedor es coneixeran al Setembre en una gala que organitzar\u00e0 el CHOC, en qu\u00e8 es es coneixeran tamb\u00e9 les distincions per la resta de municipis que volen ser Viles Florides (o canvis en les que ja ho s\u00f3n). Fa sis anys de la instauraci\u00f3 d&#8217;aquest distintiu pels pobles i tot i que mai cap poble s&#8217;ha quedat amb 0 &#8216;flors&#8217;, tampoc ha aconseguit ning\u00fa obtenir-ne 5.<\/p>\n","protected":false},"excerpt":{"rendered":"<p>Santpedor ja \u00e9s Vila Florida despr\u00e9s d&#8217;incorporar-se al projecte Viles Florides que promou la Confederaci\u00f3 d\u2019Horticultura Ornamental de Catalunya (CHOC) i que distingeix els municipis que treballen per la transformaci\u00f3 dels seus espais p\u00fablics a trav\u00e9s de l\u2019enjardinament i la millora dels espais verds. Amb l&#8217;adhesi\u00f3 del municipi ja s\u00f3n 98 els municipis catalans que [&hellip;]<\/p>\n","protected":false},"author":6,"featured_media":9982,"comment_status":"open","ping_status":"closed","sticky":false,"template":"","format":"standard","meta":{"footnotes":""},"categories":[3,137],"tags":[745,113,744],"class_list":{"0":"post-9981","1":"post","2":"type-post","3":"status-publish","4":"format-standard","5":"has-post-thumbnail","7":"category-noticies","8":"category-societat","9":"tag-flors","10":"tag-santpedor","11":"tag-vila-florida"},"_links":{"self":[{"href":"https:\/\/santpedor.net\/radio\/wp-json\/wp\/v2\/posts\/9981","targetHints":{"allow":["GET"]}}],"collection":[{"href":"https:\/\/santpedor.net\/radio\/wp-json\/wp\/v2\/posts"}],"about":[{"href":"https:\/\/santpedor.net\/radio\/wp-json\/wp\/v2\/types\/post"}],"author":[{"embeddable":true,"href":"https:\/\/santpedor.net\/radio\/wp-json\/wp\/v2\/users\/6"}],"replies":[{"embeddable":true,"href":"https:\/\/santpedor.net\/radio\/wp-json\/wp\/v2\/comments?post=9981"}],"version-history":[{"count":0,"href":"https:\/\/santpedor.net\/radio\/wp-json\/wp\/v2\/posts\/9981\/revisions"}],"wp:featuredmedia":[{"embeddable":true,"href":"https:\/\/santpedor.net\/radio\/wp-json\/wp\/v2\/media\/9982"}],"wp:attachment":[{"href":"https:\/\/santpedor.net\/radio\/wp-json\/wp\/v2\/media?parent=9981"}],"wp:term":[{"taxonomy":"category","embeddable":true,"href":"https:\/\/santpedor.net\/radio\/wp-json\/wp\/v2\/categories?post=9981"},{"taxonomy":"post_tag","embeddable":true,"href":"https:\/\/santpedor.net\/radio\/wp-json\/wp\/v2\/tags?post=9981"}],"curies":[{"name":"wp","href":"https:\/\/api.w.org\/{rel}","templated":true}]}}